{"id":140109,"date":"2019-10-21T16:33:06","date_gmt":"2019-10-21T16:33:06","guid":{"rendered":"https:\/\/www.spencker.de\/wp\/?p=140109"},"modified":"2019-10-21T16:35:00","modified_gmt":"2019-10-21T16:35:00","slug":"auftakt-der-jazzwoche-2019","status":"publish","type":"post","link":"https:\/\/www.spencker.de\/wp\/?p=140109","title":{"rendered":"Auftakt der Jazzwoche 2019"},"content":{"rendered":"\n<p>Mit der Fetten Hupe haben wir am Freitag die diesj\u00e4hrige <a rel=\"noreferrer noopener\" aria-label=\"Jazzwoche (opens in a new tab)\" href=\"https:\/\/jmihannover.de\/jazzwoche-hannover\/\" target=\"_blank\">Jazzwoche<\/a>  er\u00f6ffnet. Mit dabei die Gastsolisten Shannon Barnett, Frederik K\u00f6ster und Kalle Kalima. Ein \u00e4u\u00dferst erfolgreicher Abend vor vollem Haus. Vielen Dank an Iris Kl\u00f6pper f\u00fcr die sch\u00f6nen Bilder!<\/p>\n\n\n\n<figure class=\"wp-block-image\"><img decoding=\"async\" loading=\"lazy\" width=\"1772\" height=\"1181\" src=\"https:\/\/www.spencker.de\/wp\/wp-content\/uploads\/2019\/10\/Kloepperfotodesign-28.jpg\" alt=\"\" class=\"wp-image-140147\" srcset=\"https:\/\/www.spencker.de\/wp\/wp-content\/uploads\/2019\/10\/Kloepperfotodesign-28.jpg 1772w, https:\/\/www.spencker.de\/wp\/wp-content\/uploads\/2019\/10\/Kloepperfotodesign-28-300x200.jpg 300w, https:\/\/www.spencker.de\/wp\/wp-content\/uploads\/2019\/10\/Kloepperfotodesign-28-768x512.jpg 768w, https:\/\/www.spencker.de\/wp\/wp-content\/uploads\/2019\/10\/Kloepperfotodesign-28-700x467.jpg 700w, https:\/\/www.spencker.de\/wp\/wp-content\/uploads\/2019\/10\/Kloepperfotodesign-28-900x600.jpg 900w, https:\/\/www.spencker.de\/wp\/wp-content\/uploads\/2019\/10\/Kloepperfotodesign-28-600x400.jpg 600w\" sizes=\"(max-width: 1772px) 100vw, 1772px\" \/><figcaption><br> <img decoding=\"async\" loading=\"lazy\" width=\"1772\" height=\"1181\" class=\"wp-image-140223\" style=\"width: 150px;\" src=\"https:\/\/www.spencker.de\/wp\/wp-content\/uploads\/2019\/10\/Kloepperfotodesign-119.jpg\" alt=\"\" srcset=\"https:\/\/www.spencker.de\/wp\/wp-content\/uploads\/2019\/10\/Kloepperfotodesign-119.jpg 1772w, https:\/\/www.spencker.de\/wp\/wp-content\/uploads\/2019\/10\/Kloepperfotodesign-119-300x200.jpg 300w, https:\/\/www.spencker.de\/wp\/wp-content\/uploads\/2019\/10\/Kloepperfotodesign-119-768x512.jpg 768w, https:\/\/www.spencker.de\/wp\/wp-content\/uploads\/2019\/10\/Kloepperfotodesign-119-700x467.jpg 700w, https:\/\/www.spencker.de\/wp\/wp-content\/uploads\/2019\/10\/Kloepperfotodesign-119-900x600.jpg 900w, https:\/\/www.spencker.de\/wp\/wp-content\/uploads\/2019\/10\/Kloepperfotodesign-119-600x400.jpg 600w\" sizes=\"(max-width: 1772px) 100vw, 1772px\" \/> <img decoding=\"async\" loading=\"lazy\" width=\"1772\" height=\"1181\" class=\"wp-image-140185\" style=\"width: 150px;\" src=\"https:\/\/www.spencker.de\/wp\/wp-content\/uploads\/2019\/10\/Kloepperfotodesign-112.jpg\" alt=\"\" srcset=\"https:\/\/www.spencker.de\/wp\/wp-content\/uploads\/2019\/10\/Kloepperfotodesign-112.jpg 1772w, https:\/\/www.spencker.de\/wp\/wp-content\/uploads\/2019\/10\/Kloepperfotodesign-112-300x200.jpg 300w, https:\/\/www.spencker.de\/wp\/wp-content\/uploads\/2019\/10\/Kloepperfotodesign-112-768x512.jpg 768w, https:\/\/www.spencker.de\/wp\/wp-content\/uploads\/2019\/10\/Kloepperfotodesign-112-700x467.jpg 700w, https:\/\/www.spencker.de\/wp\/wp-content\/uploads\/2019\/10\/Kloepperfotodesign-112-900x600.jpg 900w, https:\/\/www.spencker.de\/wp\/wp-content\/uploads\/2019\/10\/Kloepperfotodesign-112-600x400.jpg 600w\" sizes=\"(max-width: 1772px) 100vw, 1772px\" \/> <img decoding=\"async\" loading=\"lazy\" width=\"1772\" height=\"1181\" class=\"wp-image-140224\" style=\"width: 150px;\" src=\"https:\/\/www.spencker.de\/wp\/wp-content\/uploads\/2019\/10\/Kloepperfotodesign-199.jpg\" alt=\"\" srcset=\"https:\/\/www.spencker.de\/wp\/wp-content\/uploads\/2019\/10\/Kloepperfotodesign-199.jpg 1772w, https:\/\/www.spencker.de\/wp\/wp-content\/uploads\/2019\/10\/Kloepperfotodesign-199-300x200.jpg 300w, https:\/\/www.spencker.de\/wp\/wp-content\/uploads\/2019\/10\/Kloepperfotodesign-199-768x512.jpg 768w, https:\/\/www.spencker.de\/wp\/wp-content\/uploads\/2019\/10\/Kloepperfotodesign-199-700x467.jpg 700w, https:\/\/www.spencker.de\/wp\/wp-content\/uploads\/2019\/10\/Kloepperfotodesign-199-900x600.jpg 900w, https:\/\/www.spencker.de\/wp\/wp-content\/uploads\/2019\/10\/Kloepperfotodesign-199-600x400.jpg 600w\" sizes=\"(max-width: 1772px) 100vw, 1772px\" \/> <img decoding=\"async\" loading=\"lazy\" width=\"1772\" height=\"1181\" class=\"wp-image-140222\" style=\"width: 150px;\" src=\"https:\/\/www.spencker.de\/wp\/wp-content\/uploads\/2019\/10\/Kloepperfotodesign-6.jpg\" alt=\"\" srcset=\"https:\/\/www.spencker.de\/wp\/wp-content\/uploads\/2019\/10\/Kloepperfotodesign-6.jpg 1772w, https:\/\/www.spencker.de\/wp\/wp-content\/uploads\/2019\/10\/Kloepperfotodesign-6-300x200.jpg 300w, https:\/\/www.spencker.de\/wp\/wp-content\/uploads\/2019\/10\/Kloepperfotodesign-6-768x512.jpg 768w, https:\/\/www.spencker.de\/wp\/wp-content\/uploads\/2019\/10\/Kloepperfotodesign-6-700x467.jpg 700w, https:\/\/www.spencker.de\/wp\/wp-content\/uploads\/2019\/10\/Kloepperfotodesign-6-900x600.jpg 900w, https:\/\/www.spencker.de\/wp\/wp-content\/uploads\/2019\/10\/Kloepperfotodesign-6-600x400.jpg 600w\" sizes=\"(max-width: 1772px) 100vw, 1772px\" \/><\/figcaption><\/figure>\n","protected":false},"excerpt":{"rendered":"<p>Mit der Fetten Hupe haben wir am Freitag die diesj\u00e4hrige Jazzwoche er\u00f6ffnet. Mit dabei die Gastsolisten Shannon Barnett, Frederik K\u00f6ster und Kalle Kalima. Ein \u00e4u\u00dferst erfolgreicher Abend vor vollem Haus. Vielen Dank an Iris Kl\u00f6pper f\u00fcr die sch\u00f6nen Bilder!<\/p>\n","protected":false},"author":1,"featured_media":0,"comment_status":"closed","ping_status":"closed","sticky":false,"template":"","format":"standard","meta":[],"categories":[8,6],"tags":[],"_links":{"self":[{"href":"https:\/\/www.spencker.de\/wp\/index.php?rest_route=\/wp\/v2\/posts\/140109"}],"collection":[{"href":"https:\/\/www.spencker.de\/wp\/index.php?rest_route=\/wp\/v2\/posts"}],"about":[{"href":"https:\/\/www.spencker.de\/wp\/index.php?rest_route=\/wp\/v2\/types\/post"}],"author":[{"embeddable":true,"href":"https:\/\/www.spencker.de\/wp\/index.php?rest_route=\/wp\/v2\/users\/1"}],"replies":[{"embeddable":true,"href":"https:\/\/www.spencker.de\/wp\/index.php?rest_route=%2Fwp%2Fv2%2Fcomments&post=140109"}],"version-history":[{"count":6,"href":"https:\/\/www.spencker.de\/wp\/index.php?rest_route=\/wp\/v2\/posts\/140109\/revisions"}],"predecessor-version":[{"id":140409,"href":"https:\/\/www.spencker.de\/wp\/index.php?rest_route=\/wp\/v2\/posts\/140109\/revisions\/140409"}],"wp:attachment":[{"href":"https:\/\/www.spencker.de\/wp\/index.php?rest_route=%2Fwp%2Fv2%2Fmedia&parent=140109"}],"wp:term":[{"taxonomy":"category","embeddable":true,"href":"https:\/\/www.spencker.de\/wp\/index.php?rest_route=%2Fwp%2Fv2%2Fcategories&post=140109"},{"taxonomy":"post_tag","embeddable":true,"href":"https:\/\/www.spencker.de\/wp\/index.php?rest_route=%2Fwp%2Fv2%2Ftags&post=140109"}],"curies":[{"name":"wp","href":"https:\/\/api.w.org\/{rel}","templated":true}]}}