{"id":1592,"date":"2012-09-06T08:17:25","date_gmt":"2012-09-06T08:17:25","guid":{"rendered":"http:\/\/www.spencker.de\/wp\/?p=1592"},"modified":"2013-08-27T10:16:28","modified_gmt":"2013-08-27T10:16:28","slug":"nachlese-no-matter-what-im-thav","status":"publish","type":"post","link":"https:\/\/www.spencker.de\/wp\/?p=1592","title":{"rendered":"Review &#8222;No Matter What&#8220; im Thav"},"content":{"rendered":"<p><a href=\"http:\/\/www.spencker.de\/wp\/wp-content\/uploads\/2012\/09\/Scan-120717-0031.jpg\"><img decoding=\"async\" loading=\"lazy\" class=\"alignleft size-medium wp-image-1590\" title=\"Scan-120717-0031\" src=\"http:\/\/www.spencker.de\/wp\/wp-content\/uploads\/2012\/09\/Scan-120717-0031-300x197.jpg\" alt=\"\" width=\"300\" height=\"197\" \/><\/a>Von unserem Abschlusskonzert im Thav gibt es einige sch\u00f6ne Fotos von <strong>Mathias Prinz<\/strong>. Vielen Dank an Mathias! Au\u00dferdem hat die <strong>Hildesheimer Allgemeine<\/strong> unter dem Titel <a href=\"http:\/\/www.uni-hildesheim-musik.de\/index.php\/presseclips\/444\" target=\"_blank\">&#8222;Wenn die Stadt r\u00f6hrt&#8220; <\/a>ein sehr positives Review gebracht. Zu finden auf der <a href=\"http:\/\/www.uni-hildesheim-musik.de\/index.php\/presseclips\/444\" target=\"_blank\">Homepage des Instituts f\u00fcr Musik und Musikwissenschaft der Uni Hildesheim<\/a>.<\/p>\n<p>Freue mich auf das neue Semester.<\/p>\n","protected":false},"excerpt":{"rendered":"<p>Von unserem Abschlusskonzert im Thav gibt es einige sch\u00f6ne Fotos von Mathias Prinz. Vielen Dank an Mathias! Au\u00dferdem hat die Hildesheimer Allgemeine unter dem Titel &#8222;Wenn die Stadt r\u00f6hrt&#8220; ein sehr positives Review gebracht. Zu finden auf der Homepage des Instituts f\u00fcr Musik und Musikwissenschaft der Uni Hildesheim. Freue mich auf das neue Semester.<\/p>\n","protected":false},"author":1,"featured_media":0,"comment_status":"closed","ping_status":"closed","sticky":false,"template":"","format":"standard","meta":[],"categories":[8,9,6],"tags":[],"_links":{"self":[{"href":"https:\/\/www.spencker.de\/wp\/index.php?rest_route=\/wp\/v2\/posts\/1592"}],"collection":[{"href":"https:\/\/www.spencker.de\/wp\/index.php?rest_route=\/wp\/v2\/posts"}],"about":[{"href":"https:\/\/www.spencker.de\/wp\/index.php?rest_route=\/wp\/v2\/types\/post"}],"author":[{"embeddable":true,"href":"https:\/\/www.spencker.de\/wp\/index.php?rest_route=\/wp\/v2\/users\/1"}],"replies":[{"embeddable":true,"href":"https:\/\/www.spencker.de\/wp\/index.php?rest_route=%2Fwp%2Fv2%2Fcomments&post=1592"}],"version-history":[{"count":15,"href":"https:\/\/www.spencker.de\/wp\/index.php?rest_route=\/wp\/v2\/posts\/1592\/revisions"}],"predecessor-version":[{"id":2139,"href":"https:\/\/www.spencker.de\/wp\/index.php?rest_route=\/wp\/v2\/posts\/1592\/revisions\/2139"}],"wp:attachment":[{"href":"https:\/\/www.spencker.de\/wp\/index.php?rest_route=%2Fwp%2Fv2%2Fmedia&parent=1592"}],"wp:term":[{"taxonomy":"category","embeddable":true,"href":"https:\/\/www.spencker.de\/wp\/index.php?rest_route=%2Fwp%2Fv2%2Fcategories&post=1592"},{"taxonomy":"post_tag","embeddable":true,"href":"https:\/\/www.spencker.de\/wp\/index.php?rest_route=%2Fwp%2Fv2%2Ftags&post=1592"}],"curies":[{"name":"wp","href":"https:\/\/api.w.org\/{rel}","templated":true}]}}