{"id":201077,"date":"2019-11-25T07:09:39","date_gmt":"2019-11-25T07:09:39","guid":{"rendered":"https:\/\/www.spencker.de\/wp\/?p=201077"},"modified":"2019-11-25T07:16:39","modified_gmt":"2019-11-25T07:16:39","slug":"2x-klaus-spencker-trio","status":"publish","type":"post","link":"https:\/\/www.spencker.de\/wp\/?p=201077","title":{"rendered":"2x Klaus Spencker Trio"},"content":{"rendered":"\n<p> <\/p>\n\n\n\n<p>Am kommenden Freitag und Montag sind wir wieder zu h\u00f6ren:<br><br><strong><a href=\"https:\/\/www.bischofsmuehle.de\/navigation\/158-klaus-spencker-trio.html\">20.11.2019 21:00 Hildesheim, Bischofsm\u00fchle<\/a><br><\/strong><a href=\"https:\/\/www.jazz-club.de\/index.php\/programm\/klaus-spencker-trio\"><strong>02.12.2019 20:30 Hannover, Jazzclub<\/strong><\/a><\/p>\n\n\n\n<figure><iframe loading=\"lazy\" src=\"https:\/\/www.youtube.com\/embed\/rnMcn0wSth0\" width=\"560\" height=\"315\" allowfullscreen=\"allowfullscreen\"><\/iframe><\/figure>\n\n\n\n<p>&#8222;Klaus Spencker schafft es, diese Kontraste mit gr\u00f6\u00dftm\u00f6glicher Authentizit\u00e4t und Fingerfertigkeit in Kl\u00e4nge zu gie\u00dfen. Man nimmt ihm die Br\u00fcche ab, dieses Wechselspiel zwischen \u00fcberbordender Energie und stiller Reflexion. Stark!\u201c <em>(Jazzthing)<\/em><\/p>\n\n\n\n<p>\u201eEin Lyriker an der Gitarre!\u201c <em>(Westf\u00e4lischer Anzeiger)<\/em><\/p>\n\n\n\n<p>&#8222;Er kann machen, was er will, es kommt doch immer Jazz heraus, ein erquickliches Prischen subversiv und mit dem f\u00fcr 0stfriesen typischen weiten Horizont.\u201c <em>(Jazzpodium)<\/em><\/p>\n\n\n\n<p>&#8222;Das zweist\u00fcndige Programm war \u00fcberwiegend von Spencker-Kompositionen bestimmt, die poetisch Stimmungen einfingen und mit treibenden Beats begeisternde Kontraste setzte. Dabei bestach das Trio durch vorz\u00fcgliches Zusammenspiel und individuelle Klasse in allen Genres.&#8220;&nbsp;<em>(Einbecker Morgenpost)<\/em><\/p>\n\n\n\n<p>\u201eEnorm luftig und raumgreifend, durchdacht und homogen, wundersch\u00f6n melodisch gereift und harmonisch facettenreich.\u201c <em>(JazzScene)<\/em><\/p>\n","protected":false},"excerpt":{"rendered":"<p>Am kommenden Freitag und Montag sind wir wieder zu h\u00f6ren: 20.11.2019 21:00 Hildesheim, Bischofsm\u00fchle02.12.2019 20:30 Hannover, Jazzclub &#8222;Klaus Spencker schafft es, diese Kontraste mit gr\u00f6\u00dftm\u00f6glicher Authentizit\u00e4t und Fingerfertigkeit in Kl\u00e4nge zu gie\u00dfen. Man nimmt ihm die Br\u00fcche ab, dieses Wechselspiel zwischen \u00fcberbordender Energie und stiller Reflexion. Stark!\u201c (Jazzthing) \u201eEin Lyriker an der Gitarre!\u201c (Westf\u00e4lischer Anzeiger) &hellip; <a href=\"https:\/\/www.spencker.de\/wp\/?p=201077\" class=\"more-link\"><span class=\"screen-reader-text\">2x Klaus Spencker Trio<\/span> weiterlesen <span class=\"meta-nav\">&rarr;<\/span><\/a><\/p>\n","protected":false},"author":1,"featured_media":0,"comment_status":"closed","ping_status":"closed","sticky":false,"template":"","format":"standard","meta":[],"categories":[8],"tags":[],"_links":{"self":[{"href":"https:\/\/www.spencker.de\/wp\/index.php?rest_route=\/wp\/v2\/posts\/201077"}],"collection":[{"href":"https:\/\/www.spencker.de\/wp\/index.php?rest_route=\/wp\/v2\/posts"}],"about":[{"href":"https:\/\/www.spencker.de\/wp\/index.php?rest_route=\/wp\/v2\/types\/post"}],"author":[{"embeddable":true,"href":"https:\/\/www.spencker.de\/wp\/index.php?rest_route=\/wp\/v2\/users\/1"}],"replies":[{"embeddable":true,"href":"https:\/\/www.spencker.de\/wp\/index.php?rest_route=%2Fwp%2Fv2%2Fcomments&post=201077"}],"version-history":[{"count":5,"href":"https:\/\/www.spencker.de\/wp\/index.php?rest_route=\/wp\/v2\/posts\/201077\/revisions"}],"predecessor-version":[{"id":201226,"href":"https:\/\/www.spencker.de\/wp\/index.php?rest_route=\/wp\/v2\/posts\/201077\/revisions\/201226"}],"wp:attachment":[{"href":"https:\/\/www.spencker.de\/wp\/index.php?rest_route=%2Fwp%2Fv2%2Fmedia&parent=201077"}],"wp:term":[{"taxonomy":"category","embeddable":true,"href":"https:\/\/www.spencker.de\/wp\/index.php?rest_route=%2Fwp%2Fv2%2Fcategories&post=201077"},{"taxonomy":"post_tag","embeddable":true,"href":"https:\/\/www.spencker.de\/wp\/index.php?rest_route=%2Fwp%2Fv2%2Ftags&post=201077"}],"curies":[{"name":"wp","href":"https:\/\/api.w.org\/{rel}","templated":true}]}}