{"id":201751,"date":"2020-01-21T08:27:59","date_gmt":"2020-01-21T08:27:59","guid":{"rendered":"https:\/\/www.spencker.de\/wp\/?p=201751"},"modified":"2020-03-11T16:45:36","modified_gmt":"2020-03-11T16:45:36","slug":"trio-fruehjahrs-tour","status":"publish","type":"post","link":"https:\/\/www.spencker.de\/wp\/?p=201751","title":{"rendered":"Trio &#8211; M\u00e4rz &#8211; Tour"},"content":{"rendered":"<p>Am Freitag startet unsere Fr\u00fchjahreskurztour im Norden. Wir freuen uns auf viele Besucher und Zuh\u00f6rer!<\/p>\n<p>13.03. Wismar, Jazz im Schabbell (AUSVERKAUFT)<br>14.03. Oldenburg, Wilhelm 13, feat. Florian Poser<br>15.03. Hannover, Tonhalle<br>16.03. Bremen, Theaterschiff <br>19.03.Martfeld <br>20.03.&nbsp;Aurich, Kulturforum, feat. Florian Poser&nbsp;<br>21.03. Bunderhee, Steinhaus, feat. Florian Poser<\/p>\n\n\n<figure class=\"wp-block-image\"><img decoding=\"async\" loading=\"lazy\" width=\"1112\" height=\"834\" src=\"https:\/\/www.spencker.de\/wp\/wp-content\/uploads\/2020\/01\/tour1-2020sw.jpg\" alt=\"\" class=\"wp-image-201752\" srcset=\"https:\/\/www.spencker.de\/wp\/wp-content\/uploads\/2020\/01\/tour1-2020sw.jpg 1112w, https:\/\/www.spencker.de\/wp\/wp-content\/uploads\/2020\/01\/tour1-2020sw-300x225.jpg 300w, https:\/\/www.spencker.de\/wp\/wp-content\/uploads\/2020\/01\/tour1-2020sw-768x576.jpg 768w, https:\/\/www.spencker.de\/wp\/wp-content\/uploads\/2020\/01\/tour1-2020sw-700x525.jpg 700w, https:\/\/www.spencker.de\/wp\/wp-content\/uploads\/2020\/01\/tour1-2020sw-533x400.jpg 533w\" sizes=\"(max-width: 1112px) 100vw, 1112px\" \/><\/figure>\n","protected":false},"excerpt":{"rendered":"<p>Am Freitag startet unsere Fr\u00fchjahreskurztour im Norden. Wir freuen uns auf viele Besucher und Zuh\u00f6rer! 13.03. Wismar, Jazz im Schabbell (AUSVERKAUFT)14.03. Oldenburg, Wilhelm 13, feat. Florian Poser15.03. Hannover, Tonhalle16.03. Bremen, Theaterschiff 19.03.Martfeld 20.03.&nbsp;Aurich, Kulturforum, feat. Florian Poser&nbsp;21.03. Bunderhee, Steinhaus, feat. Florian Poser<\/p>\n","protected":false},"author":1,"featured_media":0,"comment_status":"closed","ping_status":"closed","sticky":false,"template":"","format":"standard","meta":[],"categories":[6],"tags":[],"_links":{"self":[{"href":"https:\/\/www.spencker.de\/wp\/index.php?rest_route=\/wp\/v2\/posts\/201751"}],"collection":[{"href":"https:\/\/www.spencker.de\/wp\/index.php?rest_route=\/wp\/v2\/posts"}],"about":[{"href":"https:\/\/www.spencker.de\/wp\/index.php?rest_route=\/wp\/v2\/types\/post"}],"author":[{"embeddable":true,"href":"https:\/\/www.spencker.de\/wp\/index.php?rest_route=\/wp\/v2\/users\/1"}],"replies":[{"embeddable":true,"href":"https:\/\/www.spencker.de\/wp\/index.php?rest_route=%2Fwp%2Fv2%2Fcomments&post=201751"}],"version-history":[{"count":4,"href":"https:\/\/www.spencker.de\/wp\/index.php?rest_route=\/wp\/v2\/posts\/201751\/revisions"}],"predecessor-version":[{"id":201756,"href":"https:\/\/www.spencker.de\/wp\/index.php?rest_route=\/wp\/v2\/posts\/201751\/revisions\/201756"}],"wp:attachment":[{"href":"https:\/\/www.spencker.de\/wp\/index.php?rest_route=%2Fwp%2Fv2%2Fmedia&parent=201751"}],"wp:term":[{"taxonomy":"category","embeddable":true,"href":"https:\/\/www.spencker.de\/wp\/index.php?rest_route=%2Fwp%2Fv2%2Fcategories&post=201751"},{"taxonomy":"post_tag","embeddable":true,"href":"https:\/\/www.spencker.de\/wp\/index.php?rest_route=%2Fwp%2Fv2%2Ftags&post=201751"}],"curies":[{"name":"wp","href":"https:\/\/api.w.org\/{rel}","templated":true}]}}