{"id":201825,"date":"2020-08-24T08:25:02","date_gmt":"2020-08-24T08:25:02","guid":{"rendered":"https:\/\/www.spencker.de\/wp\/?p=201825"},"modified":"2020-09-17T17:37:25","modified_gmt":"2020-09-17T17:37:25","slug":"klaus-spencker-trio-feat-florian-poser","status":"publish","type":"post","link":"https:\/\/www.spencker.de\/wp\/?p=201825","title":{"rendered":"Klaus Spencker Trio feat. Florian Poser"},"content":{"rendered":"\n<p>Als kleine Entsch\u00e4digung f\u00fcr die ausgefallenen Konzerte im M\u00e4rz haben wir ein kurzes home made Video hochgeladen. Ich hoffe, wir sehen uns zu den Nachholterminen im November.<\/p>\n\n\n<p><iframe loading=\"lazy\" src=\"https:\/\/www.youtube.com\/embed\/VEYF9zqYpt0\" width=\"560\" height=\"315\" frameborder=\"0\" allowfullscreen=\"allowfullscreen\"><\/iframe><\/p>\n\n\n<p>Klaus Spencker Trio feat. Florian Poser<br><br>20.11. + 21.11.2020 Aurich, Landschaftsforum<br>22.11.2020 Oldenburg, Wilhelm 13<br><br><a rel=\"noreferrer noopener\" href=\"https:\/\/youtu.be\/VEYF9zqYpt0?fbclid=IwAR2me_4w0oy9VFk1javbKxfAq31zFpVfXrVq2kbqL41ZMRGFZBThw4ZtvnM\" target=\"_blank\">https:\/\/youtu.be\/VEYF9zqYpt0<\/a><br><br><\/p>\n","protected":false},"excerpt":{"rendered":"<p>Als kleine Entsch\u00e4digung f\u00fcr die ausgefallenen Konzerte im M\u00e4rz haben wir ein kurzes home made Video hochgeladen. Ich hoffe, wir sehen uns zu den Nachholterminen im November. Klaus Spencker Trio feat. Florian Poser 20.11. + 21.11.2020 Aurich, Landschaftsforum22.11.2020 Oldenburg, Wilhelm 13 https:\/\/youtu.be\/VEYF9zqYpt0<\/p>\n","protected":false},"author":1,"featured_media":0,"comment_status":"closed","ping_status":"closed","sticky":false,"template":"","format":"standard","meta":[],"categories":[1,6],"tags":[],"_links":{"self":[{"href":"https:\/\/www.spencker.de\/wp\/index.php?rest_route=\/wp\/v2\/posts\/201825"}],"collection":[{"href":"https:\/\/www.spencker.de\/wp\/index.php?rest_route=\/wp\/v2\/posts"}],"about":[{"href":"https:\/\/www.spencker.de\/wp\/index.php?rest_route=\/wp\/v2\/types\/post"}],"author":[{"embeddable":true,"href":"https:\/\/www.spencker.de\/wp\/index.php?rest_route=\/wp\/v2\/users\/1"}],"replies":[{"embeddable":true,"href":"https:\/\/www.spencker.de\/wp\/index.php?rest_route=%2Fwp%2Fv2%2Fcomments&post=201825"}],"version-history":[{"count":7,"href":"https:\/\/www.spencker.de\/wp\/index.php?rest_route=\/wp\/v2\/posts\/201825\/revisions"}],"predecessor-version":[{"id":201848,"href":"https:\/\/www.spencker.de\/wp\/index.php?rest_route=\/wp\/v2\/posts\/201825\/revisions\/201848"}],"wp:attachment":[{"href":"https:\/\/www.spencker.de\/wp\/index.php?rest_route=%2Fwp%2Fv2%2Fmedia&parent=201825"}],"wp:term":[{"taxonomy":"category","embeddable":true,"href":"https:\/\/www.spencker.de\/wp\/index.php?rest_route=%2Fwp%2Fv2%2Fcategories&post=201825"},{"taxonomy":"post_tag","embeddable":true,"href":"https:\/\/www.spencker.de\/wp\/index.php?rest_route=%2Fwp%2Fv2%2Ftags&post=201825"}],"curies":[{"name":"wp","href":"https:\/\/api.w.org\/{rel}","templated":true}]}}