{"id":201889,"date":"2021-02-16T13:31:25","date_gmt":"2021-02-16T13:31:25","guid":{"rendered":"https:\/\/www.spencker.de\/wp\/?p=201889"},"modified":"2021-02-16T13:31:25","modified_gmt":"2021-02-16T13:31:25","slug":"music-college-hannover-beim-infotag-musikberufe","status":"publish","type":"post","link":"https:\/\/www.spencker.de\/wp\/?p=201889","title":{"rendered":"Music College Hannover beim Infotag Musikberufe"},"content":{"rendered":"<p>Am 12.2. haben wir das Music College Hannover auf dem virtuellen &#8222;Infotag Musikberufe&#8220; der Landesmusikakademie NDS vorgestellt. Die Pr\u00e4sentation bietet einen umfangreichen \u00dcberblick \u00fcber unsere Arbeit und ist jetzt online nachzuschauen. Ein interessanter Infoclip f\u00fcr alle Bewerber.<\/p>\n<p><iframe loading=\"lazy\" width=\"560\" height=\"315\" src=\"https:\/\/www.youtube.com\/embed\/xpXL-I9G8Qo\" frameborder=\"0\" allow=\"accelerometer; autoplay; clipboard-write; encrypted-media; gyroscope; picture-in-picture\" allowfullscreen=\"\"><\/iframe><\/p>\n","protected":false},"excerpt":{"rendered":"<p>Am 12.2. haben wir das Music College Hannover auf dem virtuellen &#8222;Infotag Musikberufe&#8220; der Landesmusikakademie NDS vorgestellt. Die Pr\u00e4sentation bietet einen umfangreichen \u00dcberblick \u00fcber unsere Arbeit und ist jetzt online nachzuschauen. Ein interessanter Infoclip f\u00fcr alle Bewerber.<\/p>\n","protected":false},"author":1,"featured_media":0,"comment_status":"closed","ping_status":"closed","sticky":false,"template":"","format":"standard","meta":[],"categories":[8,9,6],"tags":[],"_links":{"self":[{"href":"https:\/\/www.spencker.de\/wp\/index.php?rest_route=\/wp\/v2\/posts\/201889"}],"collection":[{"href":"https:\/\/www.spencker.de\/wp\/index.php?rest_route=\/wp\/v2\/posts"}],"about":[{"href":"https:\/\/www.spencker.de\/wp\/index.php?rest_route=\/wp\/v2\/types\/post"}],"author":[{"embeddable":true,"href":"https:\/\/www.spencker.de\/wp\/index.php?rest_route=\/wp\/v2\/users\/1"}],"replies":[{"embeddable":true,"href":"https:\/\/www.spencker.de\/wp\/index.php?rest_route=%2Fwp%2Fv2%2Fcomments&post=201889"}],"version-history":[{"count":2,"href":"https:\/\/www.spencker.de\/wp\/index.php?rest_route=\/wp\/v2\/posts\/201889\/revisions"}],"predecessor-version":[{"id":201891,"href":"https:\/\/www.spencker.de\/wp\/index.php?rest_route=\/wp\/v2\/posts\/201889\/revisions\/201891"}],"wp:attachment":[{"href":"https:\/\/www.spencker.de\/wp\/index.php?rest_route=%2Fwp%2Fv2%2Fmedia&parent=201889"}],"wp:term":[{"taxonomy":"category","embeddable":true,"href":"https:\/\/www.spencker.de\/wp\/index.php?rest_route=%2Fwp%2Fv2%2Fcategories&post=201889"},{"taxonomy":"post_tag","embeddable":true,"href":"https:\/\/www.spencker.de\/wp\/index.php?rest_route=%2Fwp%2Fv2%2Ftags&post=201889"}],"curies":[{"name":"wp","href":"https:\/\/api.w.org\/{rel}","templated":true}]}}