{"id":201963,"date":"2022-09-07T17:40:50","date_gmt":"2022-09-07T17:40:50","guid":{"rendered":"https:\/\/www.spencker.de\/wp\/?p=201963"},"modified":"2022-09-13T08:51:30","modified_gmt":"2022-09-13T08:51:30","slug":"tie-up-loose-ends","status":"publish","type":"post","link":"https:\/\/www.spencker.de\/wp\/?p=201963","title":{"rendered":"Tie Up Loose Ends"},"content":{"rendered":"\n<figure class=\"wp-block-image\"><img decoding=\"async\" loading=\"lazy\" width=\"2816\" height=\"2107\" src=\"https:\/\/www.spencker.de\/wp\/wp-content\/uploads\/2022\/09\/klaus-spencker-tourdates22-6.jpg\" alt=\"\" class=\"wp-image-201979\" srcset=\"https:\/\/www.spencker.de\/wp\/wp-content\/uploads\/2022\/09\/klaus-spencker-tourdates22-6.jpg 2816w, https:\/\/www.spencker.de\/wp\/wp-content\/uploads\/2022\/09\/klaus-spencker-tourdates22-6-300x224.jpg 300w, https:\/\/www.spencker.de\/wp\/wp-content\/uploads\/2022\/09\/klaus-spencker-tourdates22-6-768x575.jpg 768w, https:\/\/www.spencker.de\/wp\/wp-content\/uploads\/2022\/09\/klaus-spencker-tourdates22-6-700x524.jpg 700w, https:\/\/www.spencker.de\/wp\/wp-content\/uploads\/2022\/09\/klaus-spencker-tourdates22-6-2000x1496.jpg 2000w, https:\/\/www.spencker.de\/wp\/wp-content\/uploads\/2022\/09\/klaus-spencker-tourdates22-6-535x400.jpg 535w\" sizes=\"(max-width: 2816px) 100vw, 2816px\" \/><\/figure>\n\n\n\n<p>Was ist geblieben?<br>\nWas ist verschwunden, gerissen, verloren oder neu gewachsen?<br>\nWas l\u00e4sst sich wieder verbinden oder neu verknoten?<br>\nWas ist heute Entfernung?<br>\nWas ist heute N\u00e4he?<br>\nWas passt noch zusammen?<br>\nWas bleibt getrennt?<br>\nWas h\u00e4lt?<\/p>\n\n\n\n<p>Aus der Besch\u00e4ftigung mit diesen Fragen entstand nach zwei herausfordernden Jahren der Corona-Krise das aktuelle Programm des Klaus Spencker Quintetts <strong>\u201eTie Up Loose Ends\u201c<\/strong>. Musik, gezeichnet von Gegens\u00e4tzen. Dissonanzen, die sich aufl\u00f6sen, stehen bleiben, zu neuen Konsonanzen f\u00fchren, um sich wieder aufzul\u00f6sen. Pr\u00e4sentiert werden neue Kompositionen und neu interpretiertes Material der letzten Jahre. F\u00fcgt sich alles wieder zusammen? Entsteht etwas Neues? Was lassen wir hinter uns? Lassen sich Taue und Seile sichern und kn\u00fcpfen, um wieder in See zu stechen und die Reise fortzusetzen? Das Klaus Spencker Quintett mit Felix Petry, Eike Wulfmeier, Peter Schwebs und Bertram Lehmann sucht und findet Antworten. <br> <br> <strong>Klaus Spencker:<\/strong> Gitarre<br> <strong>Felix Petry:<\/strong> Saxofon<br> <strong>Eike Wulfmeier:<\/strong> Klavier<br><strong> Peter Schwebs:<\/strong> Kontrabass<br><strong> Bertram Lehman:<\/strong> Schlagzeug<\/p>\n","protected":false},"excerpt":{"rendered":"<p>Was ist geblieben? Was ist verschwunden, gerissen, verloren oder neu gewachsen? Was l\u00e4sst sich wieder verbinden oder neu verknoten? Was ist heute Entfernung? Was ist heute N\u00e4he? Was passt noch zusammen? Was bleibt getrennt? Was h\u00e4lt? Aus der Besch\u00e4ftigung mit diesen Fragen entstand nach zwei herausfordernden Jahren der Corona-Krise das aktuelle Programm des Klaus Spencker &hellip; <a href=\"https:\/\/www.spencker.de\/wp\/?p=201963\" class=\"more-link\"><span class=\"screen-reader-text\">Tie Up Loose Ends<\/span> weiterlesen <span class=\"meta-nav\">&rarr;<\/span><\/a><\/p>\n","protected":false},"author":1,"featured_media":0,"comment_status":"open","ping_status":"open","sticky":false,"template":"","format":"standard","meta":[],"categories":[8],"tags":[],"_links":{"self":[{"href":"https:\/\/www.spencker.de\/wp\/index.php?rest_route=\/wp\/v2\/posts\/201963"}],"collection":[{"href":"https:\/\/www.spencker.de\/wp\/index.php?rest_route=\/wp\/v2\/posts"}],"about":[{"href":"https:\/\/www.spencker.de\/wp\/index.php?rest_route=\/wp\/v2\/types\/post"}],"author":[{"embeddable":true,"href":"https:\/\/www.spencker.de\/wp\/index.php?rest_route=\/wp\/v2\/users\/1"}],"replies":[{"embeddable":true,"href":"https:\/\/www.spencker.de\/wp\/index.php?rest_route=%2Fwp%2Fv2%2Fcomments&post=201963"}],"version-history":[{"count":7,"href":"https:\/\/www.spencker.de\/wp\/index.php?rest_route=\/wp\/v2\/posts\/201963\/revisions"}],"predecessor-version":[{"id":201980,"href":"https:\/\/www.spencker.de\/wp\/index.php?rest_route=\/wp\/v2\/posts\/201963\/revisions\/201980"}],"wp:attachment":[{"href":"https:\/\/www.spencker.de\/wp\/index.php?rest_route=%2Fwp%2Fv2%2Fmedia&parent=201963"}],"wp:term":[{"taxonomy":"category","embeddable":true,"href":"https:\/\/www.spencker.de\/wp\/index.php?rest_route=%2Fwp%2Fv2%2Fcategories&post=201963"},{"taxonomy":"post_tag","embeddable":true,"href":"https:\/\/www.spencker.de\/wp\/index.php?rest_route=%2Fwp%2Fv2%2Ftags&post=201963"}],"curies":[{"name":"wp","href":"https:\/\/api.w.org\/{rel}","templated":true}]}}