{"id":202062,"date":"2023-03-27T11:40:05","date_gmt":"2023-03-27T11:40:05","guid":{"rendered":"https:\/\/www.spencker.de\/wp\/?p=202062"},"modified":"2024-03-15T09:36:36","modified_gmt":"2024-03-15T09:36:36","slug":"jazz-history-die-hoerlounge-in-der-tonhalle-2","status":"publish","type":"post","link":"https:\/\/www.spencker.de\/wp\/?p=202062","title":{"rendered":"Jazz History &#8211; die H\u00f6rlounge in der Tonhalle"},"content":{"rendered":"<p><strong>Teil 10: Jazz am Ende des Jahrtausends &#8211; Avantgarde, Klassizismus und Jazz&nbsp;Education<\/strong><\/p>\n<p>Freitag, 08.03.2023 19:30<br \/>\nTonhalle Hannover, Fischerstr. 1, 30167 Hannover<\/p>\n<p>Die H\u00f6rlounge in der Tonhalle Hannover ist eine neue Vortragsreihe \u00fcber die Geschichte des Jazz, von den Anf\u00e4ngen in Afrika bis zu moderner Klangelektronik. An ausgew\u00e4hlten Terminen l\u00e4dt Gastgeber Klaus Spencker zu einem entspannten Abend f\u00fcr alle Fans und Liebhaber des Jazz. Eine H\u00f6rlounge f\u00fcr alle, die wissen und verstehen wollen \u2026<\/p>\n<p>was Blues mit Afrika zu tun hat,<br \/>\nwarum in New Orleans Jazzmusiker oft franz\u00f6sische Namen hatten,<br \/>\nwas junge wei\u00dfe Abiturienten in Chicago zum Jazz trieb,<br \/>\nwie Count Basie auf Schellack klingt,<br \/>\nwann Jazz die beherrschende Popmusik war,<br \/>\nwas nach getaner Big-Band-Arbeit junge Musiker in New York erfanden,<br \/>\nwarum auf einmal alles Soul haben musste,<br \/>\nwie der Ruf nach Freiheit den Jazz erfasste,<br \/>\nwas den Jazz rockte und<br \/>\nwie er alle Grenzen \u00fcberwand.<\/p>\n<p><!--\nWeitere Termine <em>(jeweils 19:30)<\/em>:\n\n\n<table style=\"border-collapse: collapse; width: 100%; height: 208px;\">\n\n\n<tbody>\n\n\n<tr style=\"height: 23px;\">\n\n\n<td style=\"width: 8.809524%; height: 23px;\"><strong>17.03.<\/strong><\/td>\n\n\n\n\n<td style=\"width: 91.190476%; height: 23px;\">Roots - Ragtime - New Orleans<\/td>\n\n\n<\/tr>\n\n\n\n\n<tr style=\"height: 23px;\">\n\n\n<td style=\"width: 8.809524%; height: 23px;\"><strong>02.06.<\/strong><\/td>\n\n\n\n\n<td style=\"width: 91.190476%; height: 23px;\">Von New Orleans nach Chicago<\/td>\n\n\n<\/tr>\n\n\n\n\n<tr style=\"height: 23px;\">\n\n\n<td style=\"width: 8.809524%; height: 23px;\"><strong>07.07.<\/strong><\/td>\n\n\n\n\n<td style=\"width: 91.190476%; height: 23px;\">Swing - gro\u00dfe Zeit f\u00fcr gro\u00dfe Orchester<\/td>\n\n\n<\/tr>\n\n\n\n\n<tr style=\"height: 23px;\">\n\n\n<td style=\"width: 8.809524%; height: 23px;\"><strong>25.08.<\/strong><\/td>\n\n\n\n\n<td style=\"width: 91.190476%; height: 23px;\">Bebop &amp; Cool Jazz - aus Entertainern werden K\u00fcnstler<\/td>\n\n\n<\/tr>\n\n\n\n\n<tr style=\"height: 23px;\">\n\n\n<td style=\"width: 8.809524%; height: 23px;\"><strong>29.09.<\/strong><\/td>\n\n\n\n\n<td style=\"width: 91.190476%; height: 23px;\">Hardbop und Soul Jazz - back to the roots<\/td>\n\n\n<\/tr>\n\n\n\n\n<tr style=\"height: 23px;\">\n\n\n<td style=\"width: 8.809524%; height: 23px;\"><strong>17.11.<\/strong><\/td>\n\n\n\n\n<td style=\"width: 91.190476%; height: 23px;\">Free Jazz - free from everything, free for everything<\/td>\n\n\n<\/tr>\n\n\n\n\n<tr style=\"height: 23px;\">\n\n\n<td style=\"width: 8.809524%; height: 23px;\"><strong>15.12.<\/strong><\/td>\n\n\n\n\n<td style=\"width: 91.190476%; height: 23px;\">Jazzrock - Jazz f\u00fcr Millionen<\/td>\n\n\n<\/tr>\n\n\n\n\n<tr style=\"height: 24px;\">\n\n\n<td style=\"width: 8.809524%; height: 24px;\"><strong>19.01.<\/strong><\/td>\n\n\n\n\n<td style=\"width: 91.190476%; height: 24px;\">Jazz der 80er Jahre - Weltmusik und Vielfalt<\/td>\n\n\n<\/tr>\n\n\n\n\n<tr style=\"height: 23px;\">\n\n\n<td style=\"width: 8.809524%; height: 23px;\"><strong>16.02.<\/strong><\/td>\n\n\n\n\n<td style=\"width: 91.190476%; height: 23px;\">Duke Ellington<\/td>\n\n\n<\/tr>\n\n\n\n\n<tr>\n\n\n<td style=\"width: 8.809524%;\"><strong>08.03.<\/strong><\/td>\n\n\n\n\n<td style=\"width: 91.190476%;\">Jazz am Ende des Jahrtausends - Avantgarde, Klassizismus und Jazz\u00a0Education<\/td>\n\n\n<\/tr>\n\n\n<\/tbody>\n\n\n<\/table>\n\n\n. --><br \/>\nJazzgitarrist Klaus Spencker unterrichtet an der Hochschule f\u00fcr Musik, Theater und Medien Hannover, der Universit\u00e4t Hildesheim und dem Music College Hannover in den F\u00e4chern E-Gitarre, Ensemblepraxis, Improvisation, Methodik und Musikgeschichte (Jazz-Rock-Pop).<br \/>\nMit eigenen Projekten und Bands ist er regelm\u00e4\u00dfig in der Tonhalle zu Gast. Er geh\u00f6rt zur Stammbesetzung der Big Band \u201eFette Hupe\u201c.<\/p>\n","protected":false},"excerpt":{"rendered":"<p>Teil 10: Jazz am Ende des Jahrtausends &#8211; Avantgarde, Klassizismus und Jazz&nbsp;Education Freitag, 08.03.2023 19:30 Tonhalle Hannover, Fischerstr. 1, 30167 Hannover Die H\u00f6rlounge in der Tonhalle Hannover ist eine neue Vortragsreihe \u00fcber die Geschichte des Jazz, von den Anf\u00e4ngen in Afrika bis zu moderner Klangelektronik. An ausgew\u00e4hlten Terminen l\u00e4dt Gastgeber Klaus Spencker zu einem entspannten &hellip; <a href=\"https:\/\/www.spencker.de\/wp\/?p=202062\" class=\"more-link\"><span class=\"screen-reader-text\">Jazz History &#8211; die H\u00f6rlounge in der Tonhalle<\/span> weiterlesen <span class=\"meta-nav\">&rarr;<\/span><\/a><\/p>\n","protected":false},"author":1,"featured_media":0,"comment_status":"closed","ping_status":"closed","sticky":false,"template":"","format":"standard","meta":[],"categories":[9,6],"tags":[],"_links":{"self":[{"href":"https:\/\/www.spencker.de\/wp\/index.php?rest_route=\/wp\/v2\/posts\/202062"}],"collection":[{"href":"https:\/\/www.spencker.de\/wp\/index.php?rest_route=\/wp\/v2\/posts"}],"about":[{"href":"https:\/\/www.spencker.de\/wp\/index.php?rest_route=\/wp\/v2\/types\/post"}],"author":[{"embeddable":true,"href":"https:\/\/www.spencker.de\/wp\/index.php?rest_route=\/wp\/v2\/users\/1"}],"replies":[{"embeddable":true,"href":"https:\/\/www.spencker.de\/wp\/index.php?rest_route=%2Fwp%2Fv2%2Fcomments&post=202062"}],"version-history":[{"count":35,"href":"https:\/\/www.spencker.de\/wp\/index.php?rest_route=\/wp\/v2\/posts\/202062\/revisions"}],"predecessor-version":[{"id":202244,"href":"https:\/\/www.spencker.de\/wp\/index.php?rest_route=\/wp\/v2\/posts\/202062\/revisions\/202244"}],"wp:attachment":[{"href":"https:\/\/www.spencker.de\/wp\/index.php?rest_route=%2Fwp%2Fv2%2Fmedia&parent=202062"}],"wp:term":[{"taxonomy":"category","embeddable":true,"href":"https:\/\/www.spencker.de\/wp\/index.php?rest_route=%2Fwp%2Fv2%2Fcategories&post=202062"},{"taxonomy":"post_tag","embeddable":true,"href":"https:\/\/www.spencker.de\/wp\/index.php?rest_route=%2Fwp%2Fv2%2Ftags&post=202062"}],"curies":[{"name":"wp","href":"https:\/\/api.w.org\/{rel}","templated":true}]}}