{"id":202158,"date":"2023-09-10T14:06:12","date_gmt":"2023-09-10T14:06:12","guid":{"rendered":"https:\/\/www.spencker.de\/wp\/?p=202158"},"modified":"2023-09-27T09:31:52","modified_gmt":"2023-09-27T09:31:52","slug":"klaus-spencker-quartett-uncovered","status":"publish","type":"post","link":"https:\/\/www.spencker.de\/wp\/?p=202158","title":{"rendered":"Klaus Spencker Quartett \u201eUNCOVERED\u201c"},"content":{"rendered":"\n<p><img decoding=\"async\" loading=\"lazy\" width=\"5930\" height=\"3953\" class=\"wp-image-202002\" style=\"width: 600px;\" src=\"https:\/\/www.spencker.de\/wp\/wp-content\/uploads\/2023\/02\/DSC06158rrr-1.jpg\" alt=\"\" srcset=\"https:\/\/www.spencker.de\/wp\/wp-content\/uploads\/2023\/02\/DSC06158rrr-1.jpg 5930w, https:\/\/www.spencker.de\/wp\/wp-content\/uploads\/2023\/02\/DSC06158rrr-1-300x200.jpg 300w, https:\/\/www.spencker.de\/wp\/wp-content\/uploads\/2023\/02\/DSC06158rrr-1-768x512.jpg 768w, https:\/\/www.spencker.de\/wp\/wp-content\/uploads\/2023\/02\/DSC06158rrr-1-700x467.jpg 700w, https:\/\/www.spencker.de\/wp\/wp-content\/uploads\/2023\/02\/DSC06158rrr-1-2000x1333.jpg 2000w, https:\/\/www.spencker.de\/wp\/wp-content\/uploads\/2023\/02\/DSC06158rrr-1-900x600.jpg 900w, https:\/\/www.spencker.de\/wp\/wp-content\/uploads\/2023\/02\/DSC06158rrr-1-600x400.jpg 600w\" sizes=\"(max-width: 5930px) 100vw, 5930px\" \/><\/p>\n\n\n\n<p>\u201eEr kann machen, was er will, es kommt doch immer Jazz heraus, ein erquickliches Prischen subversiv und mit dem f\u00fcr 0stfriesen typischen weiten Horizont.\u201c <em>(Jazzpodium)<\/em><\/p>\n\n\n\n<p>Livekonzert und Videoaufzeichnung: 17.09.2023, 18:00 Uhr, Tonhalle Hannover, Fischerstra\u00dfe 1a, 30167 Hannover<\/p>\n\n\n\n<p>Klaus Spencker \u2013 Gitarre<br>Eike Wulfmeier \u2013 Klavier<br>Peter Schwebs \u2013 Kontrabass<br>Dieter Schmigelok \u2013 Schlagzeug<\/p>\n\n\n\n<p>Als regelm\u00e4\u00dfiger Gast in der Tonhalle Hannover pr\u00e4sentiert Klaus Spencker diesmal unbekanntere Kompositionen aus seinem pers\u00f6nlichen Songbook sowie Neuinterpretationen selten gespielter Klassiker in Quartett-Besetzung. Melodisch-lyrische Jazzgitarrenkl\u00e4nge mit stilistischen Seitenspr\u00fcngen. Mit dabei sind Peter Schwebs am Bass, Eike Wulfmeier, Klavier und Dieter Schmigelok am Schlagzeug.<\/p>\n\n\n\n<p>\u201eKlaus Spencker schafft es, Kontraste mit gr\u00f6\u00dftm\u00f6glicher Authentizit\u00e4t und Fingerfertigkeit in Kl\u00e4nge zu gie\u00dfen. Man nimmt ihm die die Br\u00fcche ab, dieses Wechselspiel zwischen \u00fcberbordender Energie und stiller Reflexion. Stark!\u201c <em>(Jazzthing)<\/em><\/p>\n\n\n\n<p><\/p>\n\n\n\n<p>Kartenvorverkauf:&nbsp;<a href=\"https:\/\/tonhalle-hannover.de\/produkt-kategorie\/tonhallenkonzertkarten\/\" target=\"_blank\" rel=\"noreferrer noopener\">https:\/\/tonhalle-hannover.de\/produkt-kategorie\/tonhallenkonzertkarten\/<\/a><\/p>\n\n\n\n<p><\/p>\n","protected":false},"excerpt":{"rendered":"<p>\u201eEr kann machen, was er will, es kommt doch immer Jazz heraus, ein erquickliches Prischen subversiv und mit dem f\u00fcr 0stfriesen typischen weiten Horizont.\u201c (Jazzpodium) Livekonzert und Videoaufzeichnung: 17.09.2023, 18:00 Uhr, Tonhalle Hannover, Fischerstra\u00dfe 1a, 30167 Hannover Klaus Spencker \u2013 GitarreEike Wulfmeier \u2013 KlavierPeter Schwebs \u2013 KontrabassDieter Schmigelok \u2013 Schlagzeug Als regelm\u00e4\u00dfiger Gast in der &hellip; <a href=\"https:\/\/www.spencker.de\/wp\/?p=202158\" class=\"more-link\"><span class=\"screen-reader-text\">Klaus Spencker Quartett \u201eUNCOVERED\u201c<\/span> weiterlesen <span class=\"meta-nav\">&rarr;<\/span><\/a><\/p>\n","protected":false},"author":1,"featured_media":0,"comment_status":"closed","ping_status":"closed","sticky":false,"template":"","format":"standard","meta":[],"categories":[6],"tags":[],"_links":{"self":[{"href":"https:\/\/www.spencker.de\/wp\/index.php?rest_route=\/wp\/v2\/posts\/202158"}],"collection":[{"href":"https:\/\/www.spencker.de\/wp\/index.php?rest_route=\/wp\/v2\/posts"}],"about":[{"href":"https:\/\/www.spencker.de\/wp\/index.php?rest_route=\/wp\/v2\/types\/post"}],"author":[{"embeddable":true,"href":"https:\/\/www.spencker.de\/wp\/index.php?rest_route=\/wp\/v2\/users\/1"}],"replies":[{"embeddable":true,"href":"https:\/\/www.spencker.de\/wp\/index.php?rest_route=%2Fwp%2Fv2%2Fcomments&post=202158"}],"version-history":[{"count":2,"href":"https:\/\/www.spencker.de\/wp\/index.php?rest_route=\/wp\/v2\/posts\/202158\/revisions"}],"predecessor-version":[{"id":202160,"href":"https:\/\/www.spencker.de\/wp\/index.php?rest_route=\/wp\/v2\/posts\/202158\/revisions\/202160"}],"wp:attachment":[{"href":"https:\/\/www.spencker.de\/wp\/index.php?rest_route=%2Fwp%2Fv2%2Fmedia&parent=202158"}],"wp:term":[{"taxonomy":"category","embeddable":true,"href":"https:\/\/www.spencker.de\/wp\/index.php?rest_route=%2Fwp%2Fv2%2Fcategories&post=202158"},{"taxonomy":"post_tag","embeddable":true,"href":"https:\/\/www.spencker.de\/wp\/index.php?rest_route=%2Fwp%2Fv2%2Ftags&post=202158"}],"curies":[{"name":"wp","href":"https:\/\/api.w.org\/{rel}","templated":true}]}}