{"id":202163,"date":"2023-09-28T16:28:32","date_gmt":"2023-09-28T16:28:32","guid":{"rendered":"https:\/\/www.spencker.de\/wp\/?p=202163"},"modified":"2023-09-28T16:41:03","modified_gmt":"2023-09-28T16:41:03","slug":"definitely-suspicious","status":"publish","type":"post","link":"https:\/\/www.spencker.de\/wp\/?p=202163","title":{"rendered":"&#8222;Definitely Suspicious&#8220;"},"content":{"rendered":"\n<h2><\/h2>\n\n\n\n<p>Zu Ehren des genialen Gitarristen Volker Kriegel geben Florian Poser, Peter Schwebs, Dieter &#8222;Zipper&#8220; Schmigelok und ich am 29.10. um 18:00 Uhr im Museum Wilhelm Busch in Hannover ein Konzert mit Kompositionen des legend\u00e4ren Jazzrock-Pioniers sowie Jazz-Klassiker aus der Zeit. Ein besonderer Abend und ein Vergn\u00fcgen f\u00fcr Ohren und Augen! Das Konzert findet in Kooperation mit dem Jazz Club Hannover statt. <a href=\"https:\/\/open.spotify.com\/intl-de\/track\/5RqICAStYCKRo9On3OQJ3O?si=658f543027934b5d\" data-type=\"URL\" data-id=\"https:\/\/open.spotify.com\/intl-de\/track\/5RqICAStYCKRo9On3OQJ3O?si=658f543027934b5d\" target=\"_blank\" rel=\"noreferrer noopener\">Definitely suspicious ! \ud83d\ude09<\/a><\/p>\n\n\n\n<p class=\"has-text-align-left\">>>> <a rel=\"noreferrer noopener\" href=\"https:\/\/www.karikatur-museum.de\/programm\/veranstaltungen\/play-it-again-volker-das-jazzkonzert-zu-ehren-des-genialen-volker-kriegel\/\" data-type=\"URL\" data-id=\"https:\/\/www.karikatur-museum.de\/programm\/veranstaltungen\/play-it-again-volker-das-jazzkonzert-zu-ehren-des-genialen-volker-kriegel\/\" target=\"_blank\">Zur Homepage des Wilhelm Busch Museums<\/a><\/p>\n\n\n\n<figure class=\"wp-block-image size-large\"><img decoding=\"async\" loading=\"lazy\" width=\"4000\" height=\"3488\" src=\"https:\/\/www.spencker.de\/wp\/wp-content\/uploads\/2023\/09\/Spencker-Posers_w--4000x3488.jpg\" alt=\"\" class=\"wp-image-202165\" srcset=\"https:\/\/www.spencker.de\/wp\/wp-content\/uploads\/2023\/09\/Spencker-Posers_w--4000x3488.jpg 4000w, https:\/\/www.spencker.de\/wp\/wp-content\/uploads\/2023\/09\/Spencker-Posers_w--300x262.jpg 300w, https:\/\/www.spencker.de\/wp\/wp-content\/uploads\/2023\/09\/Spencker-Posers_w--768x670.jpg 768w, https:\/\/www.spencker.de\/wp\/wp-content\/uploads\/2023\/09\/Spencker-Posers_w--1536x1340.jpg 1536w, https:\/\/www.spencker.de\/wp\/wp-content\/uploads\/2023\/09\/Spencker-Posers_w--2048x1786.jpg 2048w, https:\/\/www.spencker.de\/wp\/wp-content\/uploads\/2023\/09\/Spencker-Posers_w--700x610.jpg 700w, https:\/\/www.spencker.de\/wp\/wp-content\/uploads\/2023\/09\/Spencker-Posers_w--2000x1744.jpg 2000w, https:\/\/www.spencker.de\/wp\/wp-content\/uploads\/2023\/09\/Spencker-Posers_w--459x400.jpg 459w\" sizes=\"(max-width: 4000px) 100vw, 4000px\" \/><\/figure>\n\n\n\n<p><\/p>\n\n\n\n<p class=\"has-text-align-center\">Besetzung: <br>Florian Poser &#8211; vibes, Klaus Spencker &#8211; guitar,<br>Peter Schwebs &#8211; bass, Dieter \u00bbZipper\u00ab Schmigelok- drums<\/p>\n","protected":false},"excerpt":{"rendered":"<p>Zu Ehren des genialen Gitarristen Volker Kriegel geben Florian Poser, Peter Schwebs, Dieter &#8222;Zipper&#8220; Schmigelok und ich am 29.10. um 18:00 Uhr im Museum Wilhelm Busch in Hannover ein Konzert mit Kompositionen des legend\u00e4ren Jazzrock-Pioniers sowie Jazz-Klassiker aus der Zeit. Ein besonderer Abend und ein Vergn\u00fcgen f\u00fcr Ohren und Augen! Das Konzert findet in Kooperation &hellip; <a href=\"https:\/\/www.spencker.de\/wp\/?p=202163\" class=\"more-link\"><span class=\"screen-reader-text\">&#8222;Definitely Suspicious&#8220;<\/span> weiterlesen <span class=\"meta-nav\">&rarr;<\/span><\/a><\/p>\n","protected":false},"author":1,"featured_media":0,"comment_status":"closed","ping_status":"closed","sticky":false,"template":"","format":"standard","meta":[],"categories":[8,6],"tags":[],"_links":{"self":[{"href":"https:\/\/www.spencker.de\/wp\/index.php?rest_route=\/wp\/v2\/posts\/202163"}],"collection":[{"href":"https:\/\/www.spencker.de\/wp\/index.php?rest_route=\/wp\/v2\/posts"}],"about":[{"href":"https:\/\/www.spencker.de\/wp\/index.php?rest_route=\/wp\/v2\/types\/post"}],"author":[{"embeddable":true,"href":"https:\/\/www.spencker.de\/wp\/index.php?rest_route=\/wp\/v2\/users\/1"}],"replies":[{"embeddable":true,"href":"https:\/\/www.spencker.de\/wp\/index.php?rest_route=%2Fwp%2Fv2%2Fcomments&post=202163"}],"version-history":[{"count":10,"href":"https:\/\/www.spencker.de\/wp\/index.php?rest_route=\/wp\/v2\/posts\/202163\/revisions"}],"predecessor-version":[{"id":202174,"href":"https:\/\/www.spencker.de\/wp\/index.php?rest_route=\/wp\/v2\/posts\/202163\/revisions\/202174"}],"wp:attachment":[{"href":"https:\/\/www.spencker.de\/wp\/index.php?rest_route=%2Fwp%2Fv2%2Fmedia&parent=202163"}],"wp:term":[{"taxonomy":"category","embeddable":true,"href":"https:\/\/www.spencker.de\/wp\/index.php?rest_route=%2Fwp%2Fv2%2Fcategories&post=202163"},{"taxonomy":"post_tag","embeddable":true,"href":"https:\/\/www.spencker.de\/wp\/index.php?rest_route=%2Fwp%2Fv2%2Ftags&post=202163"}],"curies":[{"name":"wp","href":"https:\/\/api.w.org\/{rel}","templated":true}]}}