{"id":202279,"date":"2024-07-05T06:45:54","date_gmt":"2024-07-05T06:45:54","guid":{"rendered":"https:\/\/www.spencker.de\/wp\/?p=202279"},"modified":"2024-07-07T09:40:33","modified_gmt":"2024-07-07T09:40:33","slug":"klaus-spencker-martin-flindt-retro","status":"publish","type":"post","link":"https:\/\/www.spencker.de\/wp\/?p=202279","title":{"rendered":"Klaus Spencker &#038; Martin Flindt &#8222;Retro&#8220;"},"content":{"rendered":"<p><iframe loading=\"lazy\" title=\"YouTube video player\" src=\"https:\/\/www.youtube.com\/embed\/Tr0euWmPpfE?si=tpJ7_LLbd9JuaUzd\" width=\"560\" height=\"315\" frameborder=\"0\" allowfullscreen=\"allowfullscreen\"><\/iframe><\/p>\n<p>Martin Flindt, Gitarre<br \/>\nKlaus Spencker, Gitarre<br \/>\nPeter Schwebs, Bass<br \/>\nBertram Lehmann, Schlagzeug<\/p>\n<p>Das Konzertprojekt \u201eRetro\u201c ist ein R\u00fcckblick auf den Jazz der 70er Jahre. Der Klang dieser Periode war gepr\u00e4gt von Experimenten zwischen Jazz, Rock und freier Improvisation. Was sp\u00e4ter h\u00e4ufig allzu kommerziell in Fusion oder Pop-Jazz \u00fcberging hat seinen Ursprung in einer lebendigen und offenen Musik, in der die Energie des Rock mit der Komplexit\u00e4t und Freiheit des Jazz kombiniert wurde. Politonalit\u00e4t, freie Improvisation, elektronische Kl\u00e4nge und intensive Rhythmen sind nur einige Elemente, die diese Musik pr\u00e4gten und die im Projekt &#8222;Retro&#8220; neu betrachtet werden. Um diesen Klang wiederzubeleben, hat Klaus Spencker namhafte Kollegen der norddeutschen Szene um sich versammelt.<\/p>\n<p>Kontakt \/ Booking: :<a href=\"mailto:klaus@spencker.de?subject=Anfrage%20Projekt%20Retro\"> klaus@spencker.de<\/a><\/p>\n","protected":false},"excerpt":{"rendered":"<p>Martin Flindt, Gitarre Klaus Spencker, Gitarre Peter Schwebs, Bass Bertram Lehmann, Schlagzeug Das Konzertprojekt \u201eRetro\u201c ist ein R\u00fcckblick auf den Jazz der 70er Jahre. Der Klang dieser Periode war gepr\u00e4gt von Experimenten zwischen Jazz, Rock und freier Improvisation. Was sp\u00e4ter h\u00e4ufig allzu kommerziell in Fusion oder Pop-Jazz \u00fcberging hat seinen Ursprung in einer lebendigen und &hellip; <a href=\"https:\/\/www.spencker.de\/wp\/?p=202279\" class=\"more-link\"><span class=\"screen-reader-text\">Klaus Spencker &#038; Martin Flindt &#8222;Retro&#8220;<\/span> weiterlesen <span class=\"meta-nav\">&rarr;<\/span><\/a><\/p>\n","protected":false},"author":1,"featured_media":0,"comment_status":"closed","ping_status":"closed","sticky":false,"template":"","format":"standard","meta":[],"categories":[6],"tags":[],"_links":{"self":[{"href":"https:\/\/www.spencker.de\/wp\/index.php?rest_route=\/wp\/v2\/posts\/202279"}],"collection":[{"href":"https:\/\/www.spencker.de\/wp\/index.php?rest_route=\/wp\/v2\/posts"}],"about":[{"href":"https:\/\/www.spencker.de\/wp\/index.php?rest_route=\/wp\/v2\/types\/post"}],"author":[{"embeddable":true,"href":"https:\/\/www.spencker.de\/wp\/index.php?rest_route=\/wp\/v2\/users\/1"}],"replies":[{"embeddable":true,"href":"https:\/\/www.spencker.de\/wp\/index.php?rest_route=%2Fwp%2Fv2%2Fcomments&post=202279"}],"version-history":[{"count":8,"href":"https:\/\/www.spencker.de\/wp\/index.php?rest_route=\/wp\/v2\/posts\/202279\/revisions"}],"predecessor-version":[{"id":202288,"href":"https:\/\/www.spencker.de\/wp\/index.php?rest_route=\/wp\/v2\/posts\/202279\/revisions\/202288"}],"wp:attachment":[{"href":"https:\/\/www.spencker.de\/wp\/index.php?rest_route=%2Fwp%2Fv2%2Fmedia&parent=202279"}],"wp:term":[{"taxonomy":"category","embeddable":true,"href":"https:\/\/www.spencker.de\/wp\/index.php?rest_route=%2Fwp%2Fv2%2Fcategories&post=202279"},{"taxonomy":"post_tag","embeddable":true,"href":"https:\/\/www.spencker.de\/wp\/index.php?rest_route=%2Fwp%2Fv2%2Ftags&post=202279"}],"curies":[{"name":"wp","href":"https:\/\/api.w.org\/{rel}","templated":true}]}}