{"id":415,"date":"2010-08-21T09:51:47","date_gmt":"2010-08-21T09:51:47","guid":{"rendered":"http:\/\/www.spencker.de\/wp\/?p=415"},"modified":"2010-10-26T06:48:31","modified_gmt":"2010-10-26T06:48:31","slug":"claudia-burghard-klaus-spencker","status":"publish","type":"post","link":"https:\/\/www.spencker.de\/wp\/?p=415","title":{"rendered":"Claudia Burghard &#038; Klaus Spencker"},"content":{"rendered":"<p>Am 16.09.2010 begr\u00fc\u00dfe ich herzlichst Claudia Burghard zur w\u00f6chentlichen <a href=\"http:\/\/www.gig-linden.de\/\" target=\"_blank\">GiG Session am Lindener Markt<\/a>. Zum besten gegeben werden Kompositionen aus verschiedenen musikalischen Bereichen, in denen sich die Vielseitigkeit der Stimme von Claudia Burghard widerspiegelt. Originals, Songs und Instrumentals\u00a0in Quartett-Besetzung mit Achim Seifert am Bass und Clemens Litschko am Schlagzeug. Zur nachfolgenden Jamsession werden wieder zahlreiche Jazzgr\u00f6\u00dfen aus der Landeshauptstadt erwartet.<\/p>\n","protected":false},"excerpt":{"rendered":"<p>Am 16.09.2010 begr\u00fc\u00dfe ich herzlichst Claudia Burghard zur w\u00f6chentlichen GiG Session am Lindener Markt. Zum besten gegeben werden Kompositionen aus verschiedenen musikalischen Bereichen, in denen sich die Vielseitigkeit der Stimme von Claudia Burghard widerspiegelt. Originals, Songs und Instrumentals\u00a0in Quartett-Besetzung mit Achim Seifert am Bass und Clemens Litschko am Schlagzeug. Zur nachfolgenden Jamsession werden wieder zahlreiche &hellip; <a href=\"https:\/\/www.spencker.de\/wp\/?p=415\" class=\"more-link\"><span class=\"screen-reader-text\">Claudia Burghard &#038; Klaus Spencker<\/span> weiterlesen <span class=\"meta-nav\">&rarr;<\/span><\/a><\/p>\n","protected":false},"author":1,"featured_media":0,"comment_status":"closed","ping_status":"open","sticky":false,"template":"","format":"standard","meta":[],"categories":[1,5,7,6],"tags":[],"_links":{"self":[{"href":"https:\/\/www.spencker.de\/wp\/index.php?rest_route=\/wp\/v2\/posts\/415"}],"collection":[{"href":"https:\/\/www.spencker.de\/wp\/index.php?rest_route=\/wp\/v2\/posts"}],"about":[{"href":"https:\/\/www.spencker.de\/wp\/index.php?rest_route=\/wp\/v2\/types\/post"}],"author":[{"embeddable":true,"href":"https:\/\/www.spencker.de\/wp\/index.php?rest_route=\/wp\/v2\/users\/1"}],"replies":[{"embeddable":true,"href":"https:\/\/www.spencker.de\/wp\/index.php?rest_route=%2Fwp%2Fv2%2Fcomments&post=415"}],"version-history":[{"count":11,"href":"https:\/\/www.spencker.de\/wp\/index.php?rest_route=\/wp\/v2\/posts\/415\/revisions"}],"predecessor-version":[{"id":575,"href":"https:\/\/www.spencker.de\/wp\/index.php?rest_route=\/wp\/v2\/posts\/415\/revisions\/575"}],"wp:attachment":[{"href":"https:\/\/www.spencker.de\/wp\/index.php?rest_route=%2Fwp%2Fv2%2Fmedia&parent=415"}],"wp:term":[{"taxonomy":"category","embeddable":true,"href":"https:\/\/www.spencker.de\/wp\/index.php?rest_route=%2Fwp%2Fv2%2Fcategories&post=415"},{"taxonomy":"post_tag","embeddable":true,"href":"https:\/\/www.spencker.de\/wp\/index.php?rest_route=%2Fwp%2Fv2%2Ftags&post=415"}],"curies":[{"name":"wp","href":"https:\/\/api.w.org\/{rel}","templated":true}]}}