{"id":537,"date":"2010-09-21T10:13:37","date_gmt":"2010-09-21T10:13:37","guid":{"rendered":"http:\/\/www.spencker.de\/wp\/?p=537"},"modified":"2010-10-20T07:19:40","modified_gmt":"2010-10-20T07:19:40","slug":"jazzwoche-2010","status":"publish","type":"post","link":"https:\/\/www.spencker.de\/wp\/?p=537","title":{"rendered":"Jazzwoche 2010 vom 1. bis 7. November"},"content":{"rendered":"<p><img decoding=\"async\" loading=\"lazy\" class=\"alignleft\" title=\"Jazzwoche 2010\" src=\"http:\/\/profile.ak.fbcdn.net\/hprofile-ak-snc4\/hs358.snc4\/41813_163382870340235_6744_n.jpg\" alt=\"\" width=\"200\" height=\"292\" \/>Auch in diesem Jahr veranstaltet die Jazzmusiker Initiative Hannover (JMI) die Jazzwoche, ein Festival mit lokalen und Internationalen Jazz Acts an verschiedenen Spielorten in der Landeshauptstadt. Mit dabei sind diesmal Lee Konitz, das Elmar Bra\u00df Quartett, Anselm Simon &amp; Bernd Homann, Merkur (Sebastian Merk), Fette Hupe feat. J\u00fcrgen Friedrich und das Klaus Spencker Trio. Ich freue mich nat\u00fcrlich sehr \u00fcber die Einladung meines Trios. Au\u00dfer mit Marc und Heinrich werde ich noch bei der Fetten Hupe zu h\u00f6ren sein.<\/p>\n<p>Ausf\u00fchrliche Infos zur Jazzwoche findet Ihr auf der Seite der <a href=\"http:\/\/jmi-hannover.de\/jmi\/page.jsp?number=2337\" target=\"_blank\">JMI Hannover<\/a>.\u00a0Die JMI geh\u00f6rt neben dem Jazzclub \u00a0zu den wichtigsten Kulturinstitutionen am Jazzstandort Hannover. Also kommet zu Hauf &#8211; Support the Arts!!<\/p>\n","protected":false},"excerpt":{"rendered":"<p>Auch in diesem Jahr veranstaltet die Jazzmusiker Initiative Hannover (JMI) die Jazzwoche, ein Festival mit lokalen und Internationalen Jazz Acts an verschiedenen Spielorten in der Landeshauptstadt. Mit dabei sind diesmal Lee Konitz, das Elmar Bra\u00df Quartett, Anselm Simon &amp; Bernd Homann, Merkur (Sebastian Merk), Fette Hupe feat. J\u00fcrgen Friedrich und das Klaus Spencker Trio. Ich &hellip; <a href=\"https:\/\/www.spencker.de\/wp\/?p=537\" class=\"more-link\"><span class=\"screen-reader-text\">Jazzwoche 2010 vom 1. bis 7. November<\/span> weiterlesen <span class=\"meta-nav\">&rarr;<\/span><\/a><\/p>\n","protected":false},"author":1,"featured_media":0,"comment_status":"closed","ping_status":"open","sticky":false,"template":"","format":"standard","meta":[],"categories":[8],"tags":[],"_links":{"self":[{"href":"https:\/\/www.spencker.de\/wp\/index.php?rest_route=\/wp\/v2\/posts\/537"}],"collection":[{"href":"https:\/\/www.spencker.de\/wp\/index.php?rest_route=\/wp\/v2\/posts"}],"about":[{"href":"https:\/\/www.spencker.de\/wp\/index.php?rest_route=\/wp\/v2\/types\/post"}],"author":[{"embeddable":true,"href":"https:\/\/www.spencker.de\/wp\/index.php?rest_route=\/wp\/v2\/users\/1"}],"replies":[{"embeddable":true,"href":"https:\/\/www.spencker.de\/wp\/index.php?rest_route=%2Fwp%2Fv2%2Fcomments&post=537"}],"version-history":[{"count":18,"href":"https:\/\/www.spencker.de\/wp\/index.php?rest_route=\/wp\/v2\/posts\/537\/revisions"}],"predecessor-version":[{"id":556,"href":"https:\/\/www.spencker.de\/wp\/index.php?rest_route=\/wp\/v2\/posts\/537\/revisions\/556"}],"wp:attachment":[{"href":"https:\/\/www.spencker.de\/wp\/index.php?rest_route=%2Fwp%2Fv2%2Fmedia&parent=537"}],"wp:term":[{"taxonomy":"category","embeddable":true,"href":"https:\/\/www.spencker.de\/wp\/index.php?rest_route=%2Fwp%2Fv2%2Fcategories&post=537"},{"taxonomy":"post_tag","embeddable":true,"href":"https:\/\/www.spencker.de\/wp\/index.php?rest_route=%2Fwp%2Fv2%2Ftags&post=537"}],"curies":[{"name":"wp","href":"https:\/\/api.w.org\/{rel}","templated":true}]}}