{"id":638,"date":"2010-11-13T21:28:38","date_gmt":"2010-11-13T21:28:38","guid":{"rendered":"http:\/\/www.spencker.de\/wp\/?p=638"},"modified":"2011-01-20T10:50:17","modified_gmt":"2011-01-20T10:50:17","slug":"cd-release-december-nach-der-party-ist-vor-der-party","status":"publish","type":"post","link":"https:\/\/www.spencker.de\/wp\/?p=638","title":{"rendered":"CD Release &#8222;December&#8220; &#8211; nach der Party ist vor der Party"},"content":{"rendered":"<p><a href=\"http:\/\/www.spencker.de\/wp\/wp-content\/uploads\/2010\/11\/jazzclub-20101101-1-von-1.jpg\"><img decoding=\"async\" loading=\"lazy\" class=\"alignleft size-thumbnail wp-image-692\" title=\"jazzclub-20101101 (1 von 1)\" src=\"http:\/\/www.spencker.de\/wp\/wp-content\/uploads\/2010\/11\/jazzclub-20101101-1-von-1-150x150.jpg\" alt=\"\" width=\"150\" height=\"150\" \/><\/a>Die CD Release unserer neuen Produktion &#8222;December&#8220; war ein voller Erfolg. Daf\u00fcr bedanke ich mich herzlich bei der JMI Hannover und dem Jazz-Club Hannover. Das Er\u00f6ffnungskonzert der diesj\u00e4hrigen Jazzwoche bestreiten zu d\u00fcrfen, war eine gro\u00dfe Ehre f\u00fcr uns. Zu einem entspannten wie konzentrierten Konzertabend haben die zuvorkommende Behandlung und die freundschaftliche Unterst\u00fctzung seitens des Jazz-Clubs ma\u00dfgeblich beigetragen. Besonders freue ich mich \u00fcber das positive Feedback vieler Besucher, die mit Jazz sonst wenig oder gar nichts zu tun haben. Volles Haus, gute Stimmung und lachende Gesichter &#8211; ein Abend der einen unerwartet \u00fcberzeugend das Warum des eigenen Tuns vor Augen f\u00fchrt. Die Berichterstattung um dieses Ereignis trug ihr \u00dcbriges dazu bei. Stellvertretend hier ein Link zur <a href=\"http:\/\/www.haz.de\/layout\/set\/gallery\/layout\/set\/print\/Nachrichten\/Kultur\/Musik\/Gitarrist-Klaus-Spencker-eroeffnet-Jazzwoche\" target=\"_blank\">HAZ Ank\u00fcndigung vom 29. Oktober<\/a>. Diesen Artikel findet Ihr auch in meiner <a href=\"\/wp\/?page_id=599\">Presse Rubrik<\/a>. Einen TV Beitrag \u00fcber die Jazzwoche und unser Konzert mit Interviews mit Timo Warnecke (JMI) und mir\u00a0gab es in der <a href=\"http:\/\/webtv.htp.net\/index.php?id=17&amp;no_cache=1&amp;tx_ttnews[pointer]=2&amp;tx_ttnews[tt_news]=1361&amp;tx_ttnews[backPid]=7&amp;MP=17-28\" target=\"_blank\">H1 Nachrichtensendung 0511 am 2. November<\/a> . Weitere Pressestimmen habe ich in unser aktualisiertes <a href=\"http:\/\/www.spencker.de\/wp\/dwl\/spencker_info.pdf\" target=\"_blank\">Download-Projekinfo<\/a> eingef\u00fcgt.<\/p>\n<p>Alle, die unser Konzert verpasst haben, lade ich herzlich zu den Auftritten im Rahmen unserer <a href=\"\/wp\/?page_id=157\">Januar Tour<\/a> ein. <strong>Am 12.01.2011 gastieren wir nochmals in Hannover, diesmal in der Marlene. <\/strong>Wir freuen uns auf die n\u00e4chsten Aktionen. Nach der Party ist vor der Party.<\/p>\n","protected":false},"excerpt":{"rendered":"<p>Die CD Release unserer neuen Produktion &#8222;December&#8220; war ein voller Erfolg. Daf\u00fcr bedanke ich mich herzlich bei der JMI Hannover und dem Jazz-Club Hannover. Das Er\u00f6ffnungskonzert der diesj\u00e4hrigen Jazzwoche bestreiten zu d\u00fcrfen, war eine gro\u00dfe Ehre f\u00fcr uns. Zu einem entspannten wie konzentrierten Konzertabend haben die zuvorkommende Behandlung und die freundschaftliche Unterst\u00fctzung seitens des Jazz-Clubs &hellip; <a href=\"https:\/\/www.spencker.de\/wp\/?p=638\" class=\"more-link\"><span class=\"screen-reader-text\">CD Release &#8222;December&#8220; &#8211; nach der Party ist vor der Party<\/span> weiterlesen <span class=\"meta-nav\">&rarr;<\/span><\/a><\/p>\n","protected":false},"author":1,"featured_media":0,"comment_status":"closed","ping_status":"closed","sticky":false,"template":"","format":"standard","meta":[],"categories":[8,5],"tags":[],"_links":{"self":[{"href":"https:\/\/www.spencker.de\/wp\/index.php?rest_route=\/wp\/v2\/posts\/638"}],"collection":[{"href":"https:\/\/www.spencker.de\/wp\/index.php?rest_route=\/wp\/v2\/posts"}],"about":[{"href":"https:\/\/www.spencker.de\/wp\/index.php?rest_route=\/wp\/v2\/types\/post"}],"author":[{"embeddable":true,"href":"https:\/\/www.spencker.de\/wp\/index.php?rest_route=\/wp\/v2\/users\/1"}],"replies":[{"embeddable":true,"href":"https:\/\/www.spencker.de\/wp\/index.php?rest_route=%2Fwp%2Fv2%2Fcomments&post=638"}],"version-history":[{"count":20,"href":"https:\/\/www.spencker.de\/wp\/index.php?rest_route=\/wp\/v2\/posts\/638\/revisions"}],"predecessor-version":[{"id":792,"href":"https:\/\/www.spencker.de\/wp\/index.php?rest_route=\/wp\/v2\/posts\/638\/revisions\/792"}],"wp:attachment":[{"href":"https:\/\/www.spencker.de\/wp\/index.php?rest_route=%2Fwp%2Fv2%2Fmedia&parent=638"}],"wp:term":[{"taxonomy":"category","embeddable":true,"href":"https:\/\/www.spencker.de\/wp\/index.php?rest_route=%2Fwp%2Fv2%2Fcategories&post=638"},{"taxonomy":"post_tag","embeddable":true,"href":"https:\/\/www.spencker.de\/wp\/index.php?rest_route=%2Fwp%2Fv2%2Ftags&post=638"}],"curies":[{"name":"wp","href":"https:\/\/api.w.org\/{rel}","templated":true}]}}