{"id":653,"date":"2010-11-13T22:04:18","date_gmt":"2010-11-13T22:04:18","guid":{"rendered":"http:\/\/www.spencker.de\/wp\/?p=653"},"modified":"2011-02-06T13:16:38","modified_gmt":"2011-02-06T13:16:38","slug":"december-agas%e2%80%99-album-des-monats","status":"publish","type":"post","link":"https:\/\/www.spencker.de\/wp\/?p=653","title":{"rendered":"&#8222;December&#8220; ist agas\u2019 Album des Monats"},"content":{"rendered":"<p>Alexander Schmitz, Top Jazzkritiker in Sachen Jazzgitarre stellt &#8222;December&#8220; als Album des Monats auf seiner Homepage vor:<\/p>\n<p><a href=\"http:\/\/www.spencker.de\/wp\/wp-content\/uploads\/2010\/07\/KlausSpencker04_CMYK_prev.jpg\"><img decoding=\"async\" loading=\"lazy\" class=\"alignleft size-thumbnail wp-image-237\" title=\"KlausSpencker04_CMYK_prev\" src=\"http:\/\/www.spencker.de\/wp\/wp-content\/uploads\/2010\/07\/KlausSpencker04_CMYK_prev-150x150.jpg\" alt=\"\" width=\"150\" height=\"150\" \/><\/a>&#8222;&#8230; Aber nun ist er wieder da, pl\u00f6tzlich ist er da, und Insider reiben sich die Ohren ob der Sch\u00f6nheit dieses neuen Albums, das er im Sommer 2009 wieder im Trio, nun aber mit Marc M\u00fcllbauer am Bass und Heinrich K\u00f6bberling am Schlagzeug eingespielt hat. &#8222;December&#8220; ist Klaus&#8216; Entr\u00e9e auf dem Label A-Jazz und in J\u00fcrgen Czischs nrw-Vertrieb in MeckPomm. Der Titel passt zur Jahreszeit, als ich das hier schreibe (am Reformationstag), und er passt zu der Melancholie, die ich schon damals herausgeh\u00f6rt zu haben glaube, aber dennoch enth\u00e4lt\u00a0<strong>&#8222;December&#8220;<\/strong> [A-Jazz A5003] keine schwerm\u00fctigen Botschaften, sondern so ziemlich das Gegenteil: Klaus Spenckers Dezember ist ein Monat, der Seele und Sinne erw\u00e4rmt. Das ist, schrieb ich im Podium, die &#8222;Botschaft eines K\u00fcnstlers, den man lieben\u00a0<em>muss&#8230; <\/em>&#8222;<\/p>\n<p>Den kompletten Text findet Ihr\u00a0in der <a href=\"\/wp\/?page_id=576\">Rubrik Presse<\/a>.<\/p>\n","protected":false},"excerpt":{"rendered":"<p>Alexander Schmitz, Top Jazzkritiker in Sachen Jazzgitarre stellt &#8222;December&#8220; als Album des Monats auf seiner Homepage vor: &#8222;&#8230; Aber nun ist er wieder da, pl\u00f6tzlich ist er da, und Insider reiben sich die Ohren ob der Sch\u00f6nheit dieses neuen Albums, das er im Sommer 2009 wieder im Trio, nun aber mit Marc M\u00fcllbauer am Bass &hellip; <a href=\"https:\/\/www.spencker.de\/wp\/?p=653\" class=\"more-link\"><span class=\"screen-reader-text\">&#8222;December&#8220; ist agas\u2019 Album des Monats<\/span> weiterlesen <span class=\"meta-nav\">&rarr;<\/span><\/a><\/p>\n","protected":false},"author":1,"featured_media":0,"comment_status":"closed","ping_status":"closed","sticky":false,"template":"","format":"standard","meta":[],"categories":[8,7],"tags":[],"_links":{"self":[{"href":"https:\/\/www.spencker.de\/wp\/index.php?rest_route=\/wp\/v2\/posts\/653"}],"collection":[{"href":"https:\/\/www.spencker.de\/wp\/index.php?rest_route=\/wp\/v2\/posts"}],"about":[{"href":"https:\/\/www.spencker.de\/wp\/index.php?rest_route=\/wp\/v2\/types\/post"}],"author":[{"embeddable":true,"href":"https:\/\/www.spencker.de\/wp\/index.php?rest_route=\/wp\/v2\/users\/1"}],"replies":[{"embeddable":true,"href":"https:\/\/www.spencker.de\/wp\/index.php?rest_route=%2Fwp%2Fv2%2Fcomments&post=653"}],"version-history":[{"count":17,"href":"https:\/\/www.spencker.de\/wp\/index.php?rest_route=\/wp\/v2\/posts\/653\/revisions"}],"predecessor-version":[{"id":882,"href":"https:\/\/www.spencker.de\/wp\/index.php?rest_route=\/wp\/v2\/posts\/653\/revisions\/882"}],"wp:attachment":[{"href":"https:\/\/www.spencker.de\/wp\/index.php?rest_route=%2Fwp%2Fv2%2Fmedia&parent=653"}],"wp:term":[{"taxonomy":"category","embeddable":true,"href":"https:\/\/www.spencker.de\/wp\/index.php?rest_route=%2Fwp%2Fv2%2Fcategories&post=653"},{"taxonomy":"post_tag","embeddable":true,"href":"https:\/\/www.spencker.de\/wp\/index.php?rest_route=%2Fwp%2Fv2%2Ftags&post=653"}],"curies":[{"name":"wp","href":"https:\/\/api.w.org\/{rel}","templated":true}]}}