{"id":769,"date":"2011-01-20T10:49:39","date_gmt":"2011-01-20T10:49:39","guid":{"rendered":"http:\/\/www.spencker.de\/wp\/?p=769"},"modified":"2011-01-25T12:54:04","modified_gmt":"2011-01-25T12:54:04","slug":"nachhall-januar-tour","status":"publish","type":"post","link":"https:\/\/www.spencker.de\/wp\/?p=769","title":{"rendered":"Nachhall: Januar Tour"},"content":{"rendered":"<p><a href=\"http:\/\/www.spencker.de\/wp\/wp-content\/uploads\/2011\/01\/Klaus_Spencker_Trio1.jpg\"><img decoding=\"async\" loading=\"lazy\" class=\"size-thumbnail wp-image-777  alignleft\" title=\"Klaus_Spencker_Trio1\" src=\"http:\/\/www.spencker.de\/wp\/wp-content\/uploads\/2011\/01\/Klaus_Spencker_Trio1-150x150.jpg\" alt=\"\" width=\"150\" height=\"150\" \/><\/a><\/p>\n<p>Unsere Nordtour ist zuende. Allerorten trafen wir auf ein interessiertes und zuh\u00f6rendes Publikum. Es hat gro\u00dfen Spa\u00df gemacht kontinuierlich und konzentriert am Klang des Trios weiter zu feilen.\u00a0Die Musik kam \u00fcberall sehr gut an und ich freue mich auf die n\u00e4chsten Aktionen.\u00a0Auch an dieser Stelle ein dickes Dankesch\u00f6n an alle beteiligten Clubs, Zuschauer, Techniker und Promoter. (Foto: Bernd Kr\u00fcger)<\/p>\n<p>Stellvertretend hier einige Zitate aus der Presse:<\/p>\n<p>&#8222;Dabei kreiert das Trio Schwingungen und Rhythmen, die sich im angenehmen Spektrum von dezent bis gut h\u00f6rbar breit\u00a0machen. Dass die drei Musiker es dabei schaffen, trotz dieser zur\u00fcckgenommenen Lautst\u00e4rke Dynamik, Groove und Druck zu erzeugen, ist gro\u00dfes Kino. So entstehen auch die n\u00f6tigen Spannungsb\u00f6gen, die das Konzert zu keiner Sekunde langweilig werden lassen und das Publikum animieren, noch mehr zu wollen.&#8220; <br \/>\n (<em><a href=\"http:\/\/www.litteranova.de\/cms\/index.php?option=com_content&amp;view=article&amp;id=75:ein-konzert-wie-ein-guter-roman&amp;catid=2:pressespiegel&amp;Itemid=3\" target=\"_blank\">Hildesheimer Allgemeine Zeitung<\/a><\/em>)<\/p>\n<p>&#8222;Hier hat ein Musiker zweifellos seine ureigene Klangsprache gefunden.&#8220; (<em><a href=\"http:\/\/www.unser-luebeck.de\/content\/view\/2804\/284\/\" target=\"_blank\">unser L\u00fcbeck<\/a><\/em>)<\/p>\n<p>&#8222;&#8230; um als Geschichtenerz\u00e4hler auf der Gitarre an die Spitze der deutschen Jazzgitarreninnung zur\u00fcckzukehren. Spenckers Eigenkompositionen auf <em>December <\/em>haben durchweg den Balladenton und vertrauen der Langsamkeit lyrischen Erz\u00e4hlens. &#8220; (<em>Kieler Nachrichten<\/em>)<\/p>\n","protected":false},"excerpt":{"rendered":"<p>Unsere Nordtour ist zuende. Allerorten trafen wir auf ein interessiertes und zuh\u00f6rendes Publikum. Es hat gro\u00dfen Spa\u00df gemacht kontinuierlich und konzentriert am Klang des Trios weiter zu feilen.\u00a0Die Musik kam \u00fcberall sehr gut an und ich freue mich auf die n\u00e4chsten Aktionen.\u00a0Auch an dieser Stelle ein dickes Dankesch\u00f6n an alle beteiligten Clubs, Zuschauer, Techniker und &hellip; <a href=\"https:\/\/www.spencker.de\/wp\/?p=769\" class=\"more-link\"><span class=\"screen-reader-text\">Nachhall: Januar Tour<\/span> weiterlesen <span class=\"meta-nav\">&rarr;<\/span><\/a><\/p>\n","protected":false},"author":1,"featured_media":0,"comment_status":"closed","ping_status":"closed","sticky":false,"template":"","format":"standard","meta":[],"categories":[5],"tags":[],"_links":{"self":[{"href":"https:\/\/www.spencker.de\/wp\/index.php?rest_route=\/wp\/v2\/posts\/769"}],"collection":[{"href":"https:\/\/www.spencker.de\/wp\/index.php?rest_route=\/wp\/v2\/posts"}],"about":[{"href":"https:\/\/www.spencker.de\/wp\/index.php?rest_route=\/wp\/v2\/types\/post"}],"author":[{"embeddable":true,"href":"https:\/\/www.spencker.de\/wp\/index.php?rest_route=\/wp\/v2\/users\/1"}],"replies":[{"embeddable":true,"href":"https:\/\/www.spencker.de\/wp\/index.php?rest_route=%2Fwp%2Fv2%2Fcomments&post=769"}],"version-history":[{"count":28,"href":"https:\/\/www.spencker.de\/wp\/index.php?rest_route=\/wp\/v2\/posts\/769\/revisions"}],"predecessor-version":[{"id":814,"href":"https:\/\/www.spencker.de\/wp\/index.php?rest_route=\/wp\/v2\/posts\/769\/revisions\/814"}],"wp:attachment":[{"href":"https:\/\/www.spencker.de\/wp\/index.php?rest_route=%2Fwp%2Fv2%2Fmedia&parent=769"}],"wp:term":[{"taxonomy":"category","embeddable":true,"href":"https:\/\/www.spencker.de\/wp\/index.php?rest_route=%2Fwp%2Fv2%2Fcategories&post=769"},{"taxonomy":"post_tag","embeddable":true,"href":"https:\/\/www.spencker.de\/wp\/index.php?rest_route=%2Fwp%2Fv2%2Ftags&post=769"}],"curies":[{"name":"wp","href":"https:\/\/api.w.org\/{rel}","templated":true}]}}