{"id":78432,"date":"2019-09-24T08:15:31","date_gmt":"2019-09-24T08:15:31","guid":{"rendered":"https:\/\/www.spencker.de\/wp\/?p=78432"},"modified":"2019-09-24T08:15:31","modified_gmt":"2019-09-24T08:15:31","slug":"elements-spencker-petry-wulfmeier","status":"publish","type":"post","link":"https:\/\/www.spencker.de\/wp\/?p=78432","title":{"rendered":"Elements: Spencker &#8211; Petry &#8211; Wulfmeier"},"content":{"rendered":"<h2><a href=\"https:\/\/www.tonhalle-hannover.de\/Veranstaltung\/spencker-petry-wulfmeier\/?instance_id=36040\" target=\"_blank\" rel=\"noopener noreferrer\">27.09.2019 20:00&nbsp;Tonhalle Hannover<\/a><\/h2>\n<p><a href=\"https:\/\/www.spencker.de\/wp\/wp-content\/uploads\/2019\/09\/Spencker-Petry-Wulfmeier.jpg\"><img decoding=\"async\" loading=\"lazy\" class=\"alignleft size-medium wp-image-78469\" src=\"https:\/\/www.spencker.de\/wp\/wp-content\/uploads\/2019\/09\/Spencker-Petry-Wulfmeier-300x172.jpg\" alt=\"\" width=\"300\" height=\"172\" srcset=\"https:\/\/www.spencker.de\/wp\/wp-content\/uploads\/2019\/09\/Spencker-Petry-Wulfmeier-300x172.jpg 300w, https:\/\/www.spencker.de\/wp\/wp-content\/uploads\/2019\/09\/Spencker-Petry-Wulfmeier.jpg 660w\" sizes=\"(max-width: 300px) 100vw, 300px\" \/><\/a><strong>Klaus Spencker<\/strong> &#8211; Gitarre<br \/>\n<strong>Felix Petry<\/strong> &#8211; Saxofon<br \/>\n<strong>Eike Wulfmeier<\/strong> &#8211; Klavier<\/p>\n<p>In dieser kammermusikalisch ausgerichteten Trio-Besetzung treffen drei Musiker mit individueller Klangsprache und reichem Erfahrungsschatz aufeinander. Grundlage des Repertoires sind Originalwerke der drei Musiker, in denen verschiedene Einfl\u00fcsse von Avantgarde, Folk, Modern Jazz oder Bebop h\u00f6rbar werden. Erg\u00e4nzt durch Werke aus dem reichen Schatz des Great American Songbooks des 20. Jahrhunderts, erklingt das bewerte akustisches Markenzeichen dieses Trios: H\u00f6rbilder und musikalische Geschichten auf der Grundlage eines transparent und filigran abgestimmten Gesamtklangs. Virtuos gespielt sind die solistischen Exkurse, meisterhaft sicher und<br \/>\nentspannt ist das Zusammenspiel. Frischer Wind aus der Nieders\u00e4chsischen Landeshauptstadt. Ein Premium-Klangerlebnis das h\u00f6chsten Anspr\u00fcchen gen\u00fcgt.<\/p>\n<p>15,00\u20ac\/12,50\u20ac im VVK, 10\u20ac erm\u00e4\u00dfigt<\/p>\n","protected":false},"excerpt":{"rendered":"<p>27.09.2019 20:00&nbsp;Tonhalle Hannover Klaus Spencker &#8211; Gitarre Felix Petry &#8211; Saxofon Eike Wulfmeier &#8211; Klavier In dieser kammermusikalisch ausgerichteten Trio-Besetzung treffen drei Musiker mit individueller Klangsprache und reichem Erfahrungsschatz aufeinander. Grundlage des Repertoires sind Originalwerke der drei Musiker, in denen verschiedene Einfl\u00fcsse von Avantgarde, Folk, Modern Jazz oder Bebop h\u00f6rbar werden. Erg\u00e4nzt durch Werke aus &hellip; <a href=\"https:\/\/www.spencker.de\/wp\/?p=78432\" class=\"more-link\"><span class=\"screen-reader-text\">Elements: Spencker &#8211; Petry &#8211; Wulfmeier<\/span> weiterlesen <span class=\"meta-nav\">&rarr;<\/span><\/a><\/p>\n","protected":false},"author":1,"featured_media":0,"comment_status":"closed","ping_status":"closed","sticky":false,"template":"","format":"standard","meta":[],"categories":[8,6],"tags":[],"_links":{"self":[{"href":"https:\/\/www.spencker.de\/wp\/index.php?rest_route=\/wp\/v2\/posts\/78432"}],"collection":[{"href":"https:\/\/www.spencker.de\/wp\/index.php?rest_route=\/wp\/v2\/posts"}],"about":[{"href":"https:\/\/www.spencker.de\/wp\/index.php?rest_route=\/wp\/v2\/types\/post"}],"author":[{"embeddable":true,"href":"https:\/\/www.spencker.de\/wp\/index.php?rest_route=\/wp\/v2\/users\/1"}],"replies":[{"embeddable":true,"href":"https:\/\/www.spencker.de\/wp\/index.php?rest_route=%2Fwp%2Fv2%2Fcomments&post=78432"}],"version-history":[{"count":2,"href":"https:\/\/www.spencker.de\/wp\/index.php?rest_route=\/wp\/v2\/posts\/78432\/revisions"}],"predecessor-version":[{"id":78507,"href":"https:\/\/www.spencker.de\/wp\/index.php?rest_route=\/wp\/v2\/posts\/78432\/revisions\/78507"}],"wp:attachment":[{"href":"https:\/\/www.spencker.de\/wp\/index.php?rest_route=%2Fwp%2Fv2%2Fmedia&parent=78432"}],"wp:term":[{"taxonomy":"category","embeddable":true,"href":"https:\/\/www.spencker.de\/wp\/index.php?rest_route=%2Fwp%2Fv2%2Fcategories&post=78432"},{"taxonomy":"post_tag","embeddable":true,"href":"https:\/\/www.spencker.de\/wp\/index.php?rest_route=%2Fwp%2Fv2%2Ftags&post=78432"}],"curies":[{"name":"wp","href":"https:\/\/api.w.org\/{rel}","templated":true}]}}