{"id":815,"date":"2011-01-25T12:10:29","date_gmt":"2011-01-25T12:10:29","guid":{"rendered":"http:\/\/www.spencker.de\/wp\/?p=815"},"modified":"2011-01-29T09:36:37","modified_gmt":"2011-01-29T09:36:37","slug":"nordmann-und-spencker-beim-tag-der-elektronischen-musik-in-hildesheim","status":"publish","type":"post","link":"https:\/\/www.spencker.de\/wp\/?p=815","title":{"rendered":"Nordmann und Spencker beim Tag der elektronischen Musik in Hildesheim"},"content":{"rendered":"<p><a href=\"http:\/\/nilsnordmann.de\"><img decoding=\"async\" loading=\"lazy\" class=\"alignleft\" src=\"http:\/\/nilsnordmann.de\/blog\/wp-content\/uploads\/2011\/01\/r\u00fcckseite-nerv-Kopie-212x300.jpg\" alt=\"\" width=\"170\" height=\"240\" \/><\/a>Am Dienstag, den 01. Februar 2011 findet im AcKU-Caf\u00e9 Hildesheim ein Tag der elektronischen Musik statt. In Form von Vortr\u00e4gen, Live-Konzerten und einer Ausstellung pr\u00e4sentieren Studierende der Universit\u00e4t Hildesheim Schwerpunkte aus dem Seminar \u201cDie Geschichte und \u00c4sthetik der elektronischen Musik\u201d, welches ich im Wintersemester f\u00fcr das Institut f\u00fcr Musik und Musikwissenschaft gelehrt habe. Das Symposium startet um 18 Uhr p\u00fcnktlich.<\/p>\n<p>Das Duo Nils Nordmann &amp; Klaus Spencker wird live mit dabei sein!<\/p>\n<p>Quelle: <a href=\"http:\/\/nilsnordmann.de\/blog\/\" target=\"_blank\">nilsnordmann.de<\/a><\/p>\n","protected":false},"excerpt":{"rendered":"<p>Am Dienstag, den 01. Februar 2011 findet im AcKU-Caf\u00e9 Hildesheim ein Tag der elektronischen Musik statt. In Form von Vortr\u00e4gen, Live-Konzerten und einer Ausstellung pr\u00e4sentieren Studierende der Universit\u00e4t Hildesheim Schwerpunkte aus dem Seminar \u201cDie Geschichte und \u00c4sthetik der elektronischen Musik\u201d, welches ich im Wintersemester f\u00fcr das Institut f\u00fcr Musik und Musikwissenschaft gelehrt habe. Das Symposium &hellip; <a href=\"https:\/\/www.spencker.de\/wp\/?p=815\" class=\"more-link\"><span class=\"screen-reader-text\">Nordmann und Spencker beim Tag der elektronischen Musik in Hildesheim<\/span> weiterlesen <span class=\"meta-nav\">&rarr;<\/span><\/a><\/p>\n","protected":false},"author":1,"featured_media":0,"comment_status":"closed","ping_status":"closed","sticky":false,"template":"","format":"standard","meta":[],"categories":[5],"tags":[],"_links":{"self":[{"href":"https:\/\/www.spencker.de\/wp\/index.php?rest_route=\/wp\/v2\/posts\/815"}],"collection":[{"href":"https:\/\/www.spencker.de\/wp\/index.php?rest_route=\/wp\/v2\/posts"}],"about":[{"href":"https:\/\/www.spencker.de\/wp\/index.php?rest_route=\/wp\/v2\/types\/post"}],"author":[{"embeddable":true,"href":"https:\/\/www.spencker.de\/wp\/index.php?rest_route=\/wp\/v2\/users\/1"}],"replies":[{"embeddable":true,"href":"https:\/\/www.spencker.de\/wp\/index.php?rest_route=%2Fwp%2Fv2%2Fcomments&post=815"}],"version-history":[{"count":10,"href":"https:\/\/www.spencker.de\/wp\/index.php?rest_route=\/wp\/v2\/posts\/815\/revisions"}],"predecessor-version":[{"id":846,"href":"https:\/\/www.spencker.de\/wp\/index.php?rest_route=\/wp\/v2\/posts\/815\/revisions\/846"}],"wp:attachment":[{"href":"https:\/\/www.spencker.de\/wp\/index.php?rest_route=%2Fwp%2Fv2%2Fmedia&parent=815"}],"wp:term":[{"taxonomy":"category","embeddable":true,"href":"https:\/\/www.spencker.de\/wp\/index.php?rest_route=%2Fwp%2Fv2%2Fcategories&post=815"},{"taxonomy":"post_tag","embeddable":true,"href":"https:\/\/www.spencker.de\/wp\/index.php?rest_route=%2Fwp%2Fv2%2Ftags&post=815"}],"curies":[{"name":"wp","href":"https:\/\/api.w.org\/{rel}","templated":true}]}}